{"id":31871,"date":"2023-09-02T19:11:23","date_gmt":"2023-09-02T22:11:23","guid":{"rendered":"http:\/\/primiciasclorinda.com\/?p=31871"},"modified":"2023-09-02T19:11:23","modified_gmt":"2023-09-02T22:11:23","slug":"insfran-en-tres-lagunas-si-nos-decimos-peronistas-tenemos-que-tener-unidad-de-concepcion-porque-si-no-no-vamos-a-tener-unidad-de-accion","status":"publish","type":"post","link":"https:\/\/primiciasclorinda.com\/?p=31871","title":{"rendered":"Insfr\u00e1n en Tres Lagunas: \u201cSi nos decimos peronistas tenemos que tener unidad de concepci\u00f3n porque si no, no vamos a tener unidad de acci\u00f3n\u201d"},"content":{"rendered":"<p style=\"text-align: justify;\">En el marco de un nuevo Operativo Solidario Por Nuestra Gente Todo (OPNGT), que se desarroll\u00f3 en la EPEP N\u00b074 \u201cDr. Ricardo Rojas\u201d de la localidad de Tres Lagunas, el gobernador de la provincia, Gildo Insfr\u00e1n, ofici\u00f3 como orador principal y, adem\u00e1s de anunciar nuevas obras, reflexion\u00f3 con los presentes acerca del contexto econ\u00f3mico y pol\u00edtico que atraviesa el pa\u00eds de cara a las pr\u00f3ximas elecciones generales del 22 de octubre.<\/p>\n<p style=\"text-align: justify;\">Al tomar la palabra, enumer\u00f3 las obras que est\u00e1n prontas a iniciar en la zona como la construcci\u00f3n de la EPEP 108 de Laguna Gallo; y se refiri\u00f3 a un caso de reubicaci\u00f3n de 10 familias que viv\u00edan sobre la ruta 6.<\/p>\n<p style=\"text-align: justify;\">\u201cYo s\u00e9 que es una familia paraguaya instigada por otra persona que le dice que a ella le tienen que dar una casa del IPV; se\u00f1ora le digo con todo cari\u00f1o, qu\u00e9dese tranquila, vaya a la reubicaci\u00f3n que le est\u00e1n dando que va a tener todas las comodidades que requiere para que lleve una vida digna, no se deje influenciar, usted estaba viviendo en un lugar irregular, ahora va a tener un lugar que ser\u00e1 su hogar y de su familia\u201d, sostuvo.<\/p>\n<p style=\"text-align: justify;\">Asimismo, el mandatario tambi\u00e9n habl\u00f3 sobre las obras en ejecuci\u00f3n y se\u00f1al\u00f3 la construcci\u00f3n del centro de salud de Laguna Gallo que est\u00e1 en un 20% de avance; la pileta municipal en un 60%; el Centro de Desarrollo Infantil en un 90%; y las 40 viviendas con un 75%.<\/p>\n<p style=\"text-align: justify;\">\u201cSe est\u00e1n construyendo 40 y hay 240 inscriptos, as\u00ed que ahora hay un trabajo social para ver qui\u00e9nes son las prioridades, los que m\u00e1s necesitan y re\u00fanen las condiciones establecidas por ley nacional\u201d, aclar\u00f3.<\/p>\n<p style=\"text-align: justify;\">Adem\u00e1s, mencion\u00f3 la obra de la nueva planta de agua potable de 100 metros c\u00fabicos por hora que abastecer\u00e1 a otras zonas y tiene el 86% de avance; y explic\u00f3: \u201cHoy ten\u00edan 150 metros c\u00fabicos por d\u00eda, imaginen la diferencia\u201d.<\/p>\n<p style=\"text-align: justify;\">\u201cEl acueducto de 3150 metros, para alimentar la planta, con un 75% de ejecuci\u00f3n; la toma de agua cruda con 70% de ejecuci\u00f3n; y el reservorio tiene o va a tener 194.250 metros c\u00fabicos y est\u00e1 en el 62% de ejecuci\u00f3n\u201d, precis\u00f3.<\/p>\n<p style=\"text-align: justify;\">Insfr\u00e1n tambi\u00e9n hizo alusi\u00f3n a la pavimentaci\u00f3n de la ruta provincial N\u00b06 que est\u00e1 en plena ejecuci\u00f3n y cont\u00f3: \u201cYo promet\u00ed esto en un operativo y hubo un poblador que me reclam\u00f3 y yo le dije estamos por hacer y le toqu\u00e9 la cara; despu\u00e9s en las redes sociales me mat\u00f3, dijo que yo le pegu\u00e9 y no s\u00e9 qu\u00e9, pregunt\u00e9 por \u00e9l hoy y me dijeron que ahora est\u00e1 trabajando para Paoltroni y para Milei, ahora entiendo por qu\u00e9 se enoj\u00f3 tanto\u201d.<\/p>\n<p style=\"text-align: justify;\">De este modo, anunci\u00f3 la construcci\u00f3n de la EPEP N\u00b0 108 de Laguna Gallo, el polideportivo municipal, el nuevo edificio de la escuela agrot\u00e9cnica y los trabajos de bacheo de la Ruta N\u00b0 3 hasta Espinillo.<\/p>\n<p style=\"text-align: justify;\">\nUnidad de concepci\u00f3n<\/p>\n<p style=\"text-align: justify;\">En otro orden, el primer mandatario habl\u00f3 a los militantes justicialistas y les dijo que \u201csi nos decimos peronistas tenemos que tener unidad de concepci\u00f3n porque si no, no vamos a tener unidad de acci\u00f3n\u201d<\/p>\n<p style=\"text-align: justify;\">\u201cSi nos decimos peronistas y nos peleamos es porque no lo somos y estamos persiguiendo otros intereses diferentes, el peronismo siempre une\u201d, esboz\u00f3.<\/p>\n<p style=\"text-align: justify;\">Y agreg\u00f3: \u201cA pesar de que hay tres candidatos hay dos proyectos: uno habla de que no tiene que haber educaci\u00f3n p\u00fablica, salud p\u00fablica, subsidios, que eso es un robo. Yo les digo, todos de alguna forma u otra recibimos subsidios para la energ\u00eda, ahora que llegar\u00e1 el gas tambi\u00e9n, pero si se tiene que pagar la tarifa plena yo les puedo asegurar que muchos vamos a quedar sin luz, sin gas, el transporte mismo, es una verg\u00fcenza la forma en que se distribuye\u201d.<\/p>\n<p style=\"text-align: justify;\">En ese sentido, detall\u00f3 que el 80% del subsidio al transporte \u201cqueda en el AMBA, o sea que la CABA y la zona del conurbano y encima un colectivo que va desde capital federal ah\u00ed nom\u00e1s cerquita ya se considera como interjurisdiccional\u201d.<\/p>\n<p style=\"text-align: justify;\">Mientras que un micro que sale desde Formosa 570 kil\u00f3metros hasta Ingeniero Ju\u00e1rez \u201cy all\u00e1 en la punta llega con dos pasajeros, no se tiene en cuenta el kilometraje y los boletos, no s\u00f3lo para Formosa sino para el resto de las provincias; y ahora tenemos que pelear, porque en septiembre va a entrar el presupuesto y ah\u00ed tienen que pelear nuestros representantes\u201d.<\/p>\n<p style=\"text-align: justify;\">\nDeuda y dolarizaci\u00f3n<\/p>\n<p style=\"text-align: justify;\">\u201cYo les quiero decir a mis comprovincianos y a todos mis compatriotas: no se equivoquen cuando les hablan de que con la dolarizaci\u00f3n la econom\u00eda se resuelve, que les hacen creer que si ganan 100 mil pesos van a ganar 100 mil d\u00f3lares, eso es una ilusi\u00f3n \u00f3ptica, eso es mentirle a la gente pero groseramente\u201d, asever\u00f3.<\/p>\n<p style=\"text-align: justify;\">Y a\u00f1adi\u00f3: \u201cAntes de hacer esa equiparaci\u00f3n con el d\u00f3lar, se toma en cuenta c\u00f3mo est\u00e1 el peso con respecto al d\u00f3lar ahora y de ah\u00ed reci\u00e9n se hace la dolarizaci\u00f3n, es mentira, va a ser una miseria\u201d.<\/p>\n<p style=\"text-align: justify;\">De esta manera, Insfr\u00e1n hizo un revisionismo hist\u00f3rico recordando que el primer presidente en tomar deuda fue Bernardino Rivadavia; \u201c\u00bfy ustedes saben qui\u00e9n pag\u00f3 la \u00faltima cuota de ese pr\u00e9stamo? Juan Domingo Per\u00f3n, en 1947\u201d.<\/p>\n<p style=\"text-align: justify;\">\u201cLos peronistas siempre pagamos la deuda porque Per\u00f3n nos ense\u00f1\u00f3 en la post guerra que el FMI, el Banco Mundial, son todas instituciones que se crearon desde el imperio para dominar a los pueblos. \u00c9l no firm\u00f3 la adhesi\u00f3n de Argentina al FMI, lo echaron en el 55 y en el 56 urgente nos metieron al FMI\u201d, manifest\u00f3.<\/p>\n<p style=\"text-align: justify;\">Y record\u00f3: \u201c\u00bfQui\u00e9n nos sac\u00f3? N\u00e9stor Kirchner, pag\u00f3 los 10 mil millones que se deb\u00edan y los del circuito financiero dec\u00edan que era una barbaridad, barato, s\u00ed pero con resultado pol\u00edtico y social muy costoso porque pagaba el pueblo, lo que nos est\u00e1 pasando ahora. Hemos perdido nuestra independencia econ\u00f3mica y as\u00ed nuestra soberan\u00eda pol\u00edtica; y si perdemos las dos cosas \u00bfc\u00f3mo podemos hablar de justicia social?\u201d.<\/p>\n<p style=\"text-align: justify;\">La democracia no es un estado natural<\/p>\n<p style=\"text-align: justify;\">En este contexto, el gobernador argument\u00f3: \u201cLes voy contando para los que no tuvieron la suerte o la desgracia, para muchos, de haber conocido que hay otro sistema pol\u00edtico de gobernar, que uno es la dictadura y el otro, el sistema democr\u00e1tico\u201d.<\/p>\n<p style=\"text-align: justify;\">\u201cLos que nacieron del 83 en adelante creen que vivir en democracia es un estado natural, no, esto es lo que est\u00e1 en peligro con estos personajes: el sistema democr\u00e1tico; no porque a m\u00ed se me ocurre o soy apocal\u00edptico, sino porque todas las medidas que dicen que van a hacer, en un sistema democr\u00e1tico no se puede hacer, es imposible, pero s\u00ed es posible con un sistema dictatorial\u201d, desarroll\u00f3.<\/p>\n<p style=\"text-align: justify;\">Y continu\u00f3: \u201cA m\u00ed me llama poderosamente la atenci\u00f3n porque todos hablamos de lo que dijo Evita que donde hay una necesidad nace un derecho y Milei dijo que eso es un robo, que es mentira, pero lo de Milei todos sabemos ahora y parece que nos olvidamos que hubo un actor importante que lo dijo antes, nada menos que el vicepresidente de la Corte Suprema de Justicia de Naci\u00f3n (CSJN)\u201d.<\/p>\n<p style=\"text-align: justify;\">As\u00ed, Insfr\u00e1n trajo a la memoria que el golpe de Estado de 1930 a Hip\u00f3lito Irigoyen \u201cfue legalizado por una CSJN y en esa Corte hab\u00eda un procurador general, que casualidad, se llamaba Horacio Rodr\u00edguez Larreta\u201d.<\/p>\n<p style=\"text-align: justify;\">\u201cDespu\u00e9s en el gobierno que se constituy\u00f3, el ministro de Econom\u00eda era Pinedo; y fue la d\u00e9cada infame que llev\u00f3 a la revoluci\u00f3n del 44 y despu\u00e9s vino Juan Domingo Per\u00f3n, con el glorioso 17 de octubre\u201d, rememor\u00f3.<\/p>\n<p style=\"text-align: justify;\">Y destac\u00f3: \u201cSiempre la revoluci\u00f3n que plantea el peronismo, es la revoluci\u00f3n en paz; Per\u00f3n dijo: entre la sangre y el tiempo, elijo el tiempo y lo cumpli\u00f3, pensando que los que quedaban no iban a hacer todo lo que hicieron, mataron a mansalva, encarcelaron, mataron generales, mataron obreros\u201d.<\/p>\n<p style=\"text-align: justify;\">Casa por casa<\/p>\n<p style=\"text-align: justify;\">Adem\u00e1s, el titular del Poder Ejecutivo provincial, advirti\u00f3 que \u201choy estamos en esta disyuntiva\u201d, por eso \u201cvengo a pedirles que trabajemos todos, casa por casa\u201d y reconoci\u00f3 que \u201choy las redes sociales y los medios masivos pesan mucho, pero creo que pesa mucho m\u00e1s la militancia cuerpo a cuerpo, que es lo que sabemos hacer\u201d.<\/p>\n<p style=\"text-align: justify;\">\u201cTambi\u00e9n hay que pelear en ese territorio virtual pero ah\u00ed no se pueden transmitir emociones, solamente se logra en el mano a mano, hay que convencer; por eso el 22 no queda otra, hay una sola oportunidad para seguir manteniendo nuestro estatus de obra, condiciones de avance, nuestra educaci\u00f3n p\u00fablica, salud p\u00fablica\u201d, asegur\u00f3.<\/p>\n<p style=\"text-align: justify;\">Y recalc\u00f3: \u201cA m\u00ed me tildan de dictador, que tengo 200 guardaespaldas; no tengo 200, tengo m\u00e1s de 240 mil guardaespaldas que son los que nos votaron el 25 de junio y a eso le tienen miedo. Nunca us\u00e9 ning\u00fan veh\u00edculo polarizado, yo paro en los sem\u00e1foros, me van a ver en los pueblos, as\u00ed que me tiene sin cuidado\u201d.<\/p>\n<p style=\"text-align: justify;\">Por \u00faltimo, Insfr\u00e1n agradeci\u00f3 a los presentes \u201cpor darme este valioso tiempo de escucharme\u201d y dese\u00f3 que \u201cpodamos lograr lo que estamos hablando\u201d ya que durante cuatro a\u00f1os \u201cestuvimos gobernados por un signo diferente y es muy dif\u00edcil para cualquier gobierno provincial hacer cosas\u201d.<\/p>\n<p style=\"text-align: justify;\">\u201cNo solamente debemos preocuparnos por los legisladores, porque uno puede tener todos los legisladores que quiera, que es importante, pero el ejecutivo, en compa\u00f1\u00eda con la justicia, con decretos de necesidad y urgencia puede pararlo\u201d, explic\u00f3.<\/p>\n<p style=\"text-align: justify;\">Y finaliz\u00f3: \u201cO un decreto que saca el presidente y va contra los intereses de alguna empresa, esa empresa se presenta a un amigo juez y sacan una medida cautelar, entonces ese decreto no entra en vigencia y siguen cobrando como quieren. Esto paso cuando se declar\u00f3 como servicio p\u00fablico al servicio de comunicaci\u00f3n y hasta hoy \u2018si te he visto no me acuerdo\u201d.<\/p>\n","protected":false},"excerpt":{"rendered":"<div class=\"mh-excerpt\"><p>En el marco de un nuevo Operativo Solidario Por Nuestra Gente Todo (OPNGT), que se desarroll\u00f3 en la EPEP N\u00b074 \u201cDr. Ricardo Rojas\u201d de la <a class=\"mh-excerpt-more\" href=\"https:\/\/primiciasclorinda.com\/?p=31871\" title=\"Insfr\u00e1n en Tres Lagunas: \u201cSi nos decimos peronistas tenemos que tener unidad de concepci\u00f3n porque si no, no vamos a tener unidad de acci\u00f3n\u201d\">[&#8230;]<\/a><\/p>\n<\/div>","protected":false},"author":3,"featured_media":31872,"comment_status":"open","ping_status":"open","sticky":false,"template":"","format":"standard","meta":{"footnotes":""},"categories":[8,3],"tags":[18,195],"class_list":["post-31871","post","type-post","status-publish","format-standard","has-post-thumbnail","hentry","category-interior","category-politica-economia","tag-gildo-insfran","tag-tres-lagunas"],"_links":{"self":[{"href":"https:\/\/primiciasclorinda.com\/index.php?rest_route=\/wp\/v2\/posts\/31871","targetHints":{"allow":["GET"]}}],"collection":[{"href":"https:\/\/primiciasclorinda.com\/index.php?rest_route=\/wp\/v2\/posts"}],"about":[{"href":"https:\/\/primiciasclorinda.com\/index.php?rest_route=\/wp\/v2\/types\/post"}],"author":[{"embeddable":true,"href":"https:\/\/primiciasclorinda.com\/index.php?rest_route=\/wp\/v2\/users\/3"}],"replies":[{"embeddable":true,"href":"https:\/\/primiciasclorinda.com\/index.php?rest_route=%2Fwp%2Fv2%2Fcomments&post=31871"}],"version-history":[{"count":1,"href":"https:\/\/primiciasclorinda.com\/index.php?rest_route=\/wp\/v2\/posts\/31871\/revisions"}],"predecessor-version":[{"id":31873,"href":"https:\/\/primiciasclorinda.com\/index.php?rest_route=\/wp\/v2\/posts\/31871\/revisions\/31873"}],"wp:featuredmedia":[{"embeddable":true,"href":"https:\/\/primiciasclorinda.com\/index.php?rest_route=\/wp\/v2\/media\/31872"}],"wp:attachment":[{"href":"https:\/\/primiciasclorinda.com\/index.php?rest_route=%2Fwp%2Fv2%2Fmedia&parent=31871"}],"wp:term":[{"taxonomy":"category","embeddable":true,"href":"https:\/\/primiciasclorinda.com\/index.php?rest_route=%2Fwp%2Fv2%2Fcategories&post=31871"},{"taxonomy":"post_tag","embeddable":true,"href":"https:\/\/primiciasclorinda.com\/index.php?rest_route=%2Fwp%2Fv2%2Ftags&post=31871"}],"curies":[{"name":"wp","href":"https:\/\/api.w.org\/{rel}","templated":true}]}}