{"id":31777,"date":"2023-08-24T10:05:14","date_gmt":"2023-08-24T13:05:14","guid":{"rendered":"http:\/\/primiciasclorinda.com\/?p=31777"},"modified":"2023-08-24T10:05:14","modified_gmt":"2023-08-24T13:05:14","slug":"massa-anuncio-desde-washington-un-aporte-no-reembolsable-para-los-comerciantes-saqueados","status":"publish","type":"post","link":"https:\/\/primiciasclorinda.com\/?p=31777","title":{"rendered":"Massa anunci\u00f3 desde Washington un \u201caporte no reembolsable\u201d para los comerciantes saqueados"},"content":{"rendered":"<p style=\"text-align: justify;\">El ministro de Econom\u00eda, Sergio Massa, encabez\u00f3 esta tarde una conferencia de prensa desde Washington en la que ratific\u00f3 el desembolso por US$7500 millones para la Argentina y se refiri\u00f3 a los robos y ataques de supermercados en distintos puntos del pa\u00eds y anticip\u00f3 un \u201caporte no reembolsable\u201d de hasta 7 millones de pesos para los comerciantes que fueron saqueados.<\/p>\n<p style=\"text-align: justify;\">El ministro tambi\u00e9n se refiri\u00f3 al contacto que tuvieron los referentes de la oposici\u00f3n Patricia Bullrich y Javier Milei con el FMI tras las PASO y apunt\u00f3 contra Juntos por el Cambio a quien acus\u00f3 de trabar las negociaciones, mientras destac\u00f3 la actitud \u201ccolaborativa\u201d del candidato presidencial por La Libertad Avanza.<\/p>\n<p style=\"text-align: justify;\">\u201cNos parec\u00eda importante hacer esta conferencia. En el d\u00eda de hoy ha terminado la quinta y sexta revisi\u00f3n del programa del FMI. Se ha producido el desembolso para fortalecer las reservas\u201d, comenz\u00f3 Massa desde Estados Unidos.<\/p>\n<p style=\"text-align: justify;\">\u201cEste desembolso, el segundo m\u00e1s importante en la historia del FMI, garantiza un marco de estabilidad hasta fines de noviembre. En paralelo, nos permite transmitir, desde el funcionamiento de nuestra econom\u00eda, una situaci\u00f3n de control sobre el funcionamiento de los d\u00f3lares financieros\u201d, se\u00f1al\u00f3 el ministro.<\/p>\n<p style=\"text-align: justify;\">\u201cTomamos la decisi\u00f3n de devolver adelantos transitorios al BCRA por m\u00e1s de $500.000 millones, a los efectos de demostrar, de alguna manera, que el nivel de orden en las cuentas p\u00fablicas se va a seguir respetando, para que tengamos la tranquilidad de que el Estado no se financia en el exceso de sus gastos con emisi\u00f3n monetaria sino a partir de financiamiento genuino\u201d, aclar\u00f3 el ministro durante la conferencia de prensa sobre el uso del desembolso.<\/p>\n<p style=\"text-align: justify;\">\u201cNos da tambi\u00e9n la oportunidad de segur adelante con operaciones de cr\u00e9dito. El Swap chino ya est\u00e1 activado en dos tramos. Nos permite mantener los niveles de importaciones necesarios para el funcionamiento de la Argentina\u201d, destac\u00f3 el funcionario.<\/p>\n<p style=\"text-align: justify;\">Un apoyo de hasta 7 millones de pesos<br \/>\nAdem\u00e1s de hablar del nuevo desembolso del organismo para fortalecer la reservas de la Argentina, Massa se refiri\u00f3 a la ola de robos a comercios y supermercados en varias ciudades del pa\u00eds y prometi\u00f3 \u201cun apoyo econ\u00f3mico de hasta $7 millones\u201d para los comerciantes que sufrieron saqueos.<\/p>\n<p style=\"text-align: justify;\">\u201cHay dos planos para mirar. Uno que es el de los delincuentes y la causa del origen de ese delito. Despu\u00e9s ver\u00e1n los fiscales si son delincuentes o delincuentes instigados. El segundo plano es el de la gente de laburo, el comerciante, el supermercadista que levanta la persiana, trabaja todos los d\u00edas y fue v\u00edctima de un delito\u201d, dijo Massa.<\/p>\n<p style=\"text-align: justify;\">En ese sentido, el titular del Palacio de Hacienda, sostuvo: \u201cEn el Ministerio tomamos la decisi\u00f3n por un lado de instruir a la Secretaria de Industria para que cada uno de los comerciantes afectados en Neuqu\u00e9n, Buenos Aires, Rio Negro, C\u00f3rdoba y Mendoza, que tengan la denuncia presentada y una constataci\u00f3n de las p\u00e9rdidas, se les de un aporte no reembolsable, un apoyo econ\u00f3mico de hasta $7 millones\u201d.<\/p>\n<p style=\"text-align: justify;\">Bajo ese argumento, Massa ahond\u00f3 en la importancia de la \u201ccapacidad de respuesta y protecci\u00f3n\u201d del Estado para todas aquellas v\u00edctimas de un delito. \u201cLe pedimos a la gente de Secretaria Legal y T\u00e9cnica que arme un equipo de seguimiento. Lo que no nos puede pasar es que esos delincuentes entren por una puerta y salgan por la otra de la comisar\u00eda\u201d, apunt\u00f3 el ministro.<\/p>\n<p style=\"text-align: justify;\">\u201cVamos a estar controlando a esos jueces y a esos fiscales para ver si aplican el C\u00f3digo Penal en su plenitud. Es un robo poblado y en banda, una violaci\u00f3n a la propiedad privada. A los que no lo apliquen, armamos un equipo de abogados que va de alguna manera a denunciarlos y pedir el juicio pol\u00edtico\u201d, concluy\u00f3 al respecto.<\/p>\n<p style=\"text-align: justify;\">El contacto del FMI con la oposici\u00f3n<br \/>\nEn otro tramo de su discurso, el ministro de Econom\u00eda se refiri\u00f3 a las conversaciones que mantuvieron los dos sectores de la oposici\u00f3n con el FMI luego de las PASO. \u201cHubo algunos con una posici\u00f3n mucho m\u00e1s colaborativa y otros con un planteo de que no hab\u00eda que darle nada a la Argentina, que el Gobierno ten\u00eda que pagar todos los costos y que no importaba la gente\u201d, indic\u00f3 Massa.<\/p>\n<p style=\"text-align: justify;\">\u201cAquellos que viven en la idea de cuanto peor, mejor, terminaron siendo portadores de la idea de que Argentina no ten\u00eda que acceder a un financiamiento\u201d, acus\u00f3 Massa en una alusi\u00f3n directa al espacio de Juntos por el Cambio.<\/p>\n<p style=\"text-align: justify;\">\u201cIncre\u00edblemente aquellos que emergieron como oposici\u00f3n hace unos d\u00edas terminaron planteando que el FMI ten\u00edan que tener una actitud m\u00e1s colaborativa\u201d, distingui\u00f3 Massa refiri\u00e9ndose al candidato presidencial de La Libertad Avanza.<\/p>\n<p style=\"text-align: justify;\">El desembolso<br \/>\nEl Directorio Ejecutivo del FMI concluy\u00f3 hoy la quinta y sexta revisi\u00f3n del acuerdo que mantiene con la Argentina y aprob\u00f3 el \u201cdesembolso inmediato\u201d de US$7500 millones (5500 millones de DEG), tal como hab\u00eda adelantado el Ministerio de Econom\u00eda m\u00e1s temprano.<\/p>\n<p style=\"text-align: justify;\">En un breve comunicado, el Directorio tambi\u00e9n hizo advertencias, en coincidencia con las difundidas cuando se alcanz\u00f3 el acuerdo t\u00e9cnico (staff level agreement) a fines de julio. \u201cDesde la finalizaci\u00f3n de la cuarta revisi\u00f3n, los principales objetivos del programa no se alcanzaron, como consecuencia de la sequ\u00eda sin precedentes y desviaciones de las pol\u00edticas. En un contexto de elevada inflaci\u00f3n y crecientes presiones sobre la balanza de pago, se acord\u00f3 un nuevo paquete de medidas centrado en fortalecer las reservas y reforzar el orden fiscal\u201d, dice el texto.<\/p>\n<p style=\"text-align: justify;\">Y agrega: \u201cLa implementaci\u00f3n continua y firme de estas medidas ser\u00e1 fundamental en el pr\u00f3ximo per\u00edodo para salvaguardar la estabilidad y afianzar la sostenibilidad a medio plazo\u201d.<\/p>\n<p style=\"text-align: justify;\">Con estos US$7.500 millones, el total de desembolsos en el marco del acuerdo asciende a unos US$36.000 millones. La pr\u00f3xima revisi\u00f3n est\u00e1 prevista para noviembre de 2023.<\/p>\n<p style=\"text-align: justify;\">Las declaraciones del ministro de Econom\u00eda se dan tras el encuentro con la directora del organismo, Kristalina Gorgieva. La reuni\u00f3n comenz\u00f3 pasadas las 14 horas de Washington (15 de la Argentina), una hora antes de lo estipulado inicialmente, mientras que la conferencia de prensa lleg\u00f3 cuatro horas m\u00e1s tarde (19).<\/p>\n<p style=\"text-align: justify;\">Fuente: La Naci\u00f3n.<\/p>\n","protected":false},"excerpt":{"rendered":"<div class=\"mh-excerpt\"><p>El ministro de Econom\u00eda, Sergio Massa, encabez\u00f3 esta tarde una conferencia de prensa desde Washington en la que ratific\u00f3 el desembolso por US$7500 millones para <a class=\"mh-excerpt-more\" href=\"https:\/\/primiciasclorinda.com\/?p=31777\" title=\"Massa anunci\u00f3 desde Washington un \u201caporte no reembolsable\u201d para los comerciantes saqueados\">[&#8230;]<\/a><\/p>\n<\/div>","protected":false},"author":3,"featured_media":31778,"comment_status":"open","ping_status":"open","sticky":false,"template":"","format":"standard","meta":{"footnotes":""},"categories":[3],"tags":[2502,4185],"class_list":["post-31777","post","type-post","status-publish","format-standard","has-post-thumbnail","hentry","category-politica-economia","tag-massa","tag-saqueos"],"_links":{"self":[{"href":"https:\/\/primiciasclorinda.com\/index.php?rest_route=\/wp\/v2\/posts\/31777","targetHints":{"allow":["GET"]}}],"collection":[{"href":"https:\/\/primiciasclorinda.com\/index.php?rest_route=\/wp\/v2\/posts"}],"about":[{"href":"https:\/\/primiciasclorinda.com\/index.php?rest_route=\/wp\/v2\/types\/post"}],"author":[{"embeddable":true,"href":"https:\/\/primiciasclorinda.com\/index.php?rest_route=\/wp\/v2\/users\/3"}],"replies":[{"embeddable":true,"href":"https:\/\/primiciasclorinda.com\/index.php?rest_route=%2Fwp%2Fv2%2Fcomments&post=31777"}],"version-history":[{"count":1,"href":"https:\/\/primiciasclorinda.com\/index.php?rest_route=\/wp\/v2\/posts\/31777\/revisions"}],"predecessor-version":[{"id":31779,"href":"https:\/\/primiciasclorinda.com\/index.php?rest_route=\/wp\/v2\/posts\/31777\/revisions\/31779"}],"wp:featuredmedia":[{"embeddable":true,"href":"https:\/\/primiciasclorinda.com\/index.php?rest_route=\/wp\/v2\/media\/31778"}],"wp:attachment":[{"href":"https:\/\/primiciasclorinda.com\/index.php?rest_route=%2Fwp%2Fv2%2Fmedia&parent=31777"}],"wp:term":[{"taxonomy":"category","embeddable":true,"href":"https:\/\/primiciasclorinda.com\/index.php?rest_route=%2Fwp%2Fv2%2Fcategories&post=31777"},{"taxonomy":"post_tag","embeddable":true,"href":"https:\/\/primiciasclorinda.com\/index.php?rest_route=%2Fwp%2Fv2%2Ftags&post=31777"}],"curies":[{"name":"wp","href":"https:\/\/api.w.org\/{rel}","templated":true}]}}