{"id":31670,"date":"2023-08-02T18:19:35","date_gmt":"2023-08-02T21:19:35","guid":{"rendered":"http:\/\/primiciasclorinda.com\/?p=31670"},"modified":"2023-08-02T18:19:35","modified_gmt":"2023-08-02T21:19:35","slug":"fuerte-critica-de-mauricio-macri-a-vidal-por-el-apoyo-a-larreta-ha-desdibujado-su-perfil","status":"publish","type":"post","link":"https:\/\/primiciasclorinda.com\/?p=31670","title":{"rendered":"Fuerte cr\u00edtica de Mauricio Macri a Vidal por el apoyo a Larreta: \u201cHa desdibujado su perfil\u201d"},"content":{"rendered":"<p style=\"text-align: justify;\">El ex presidente se refiri\u00f3 a la decisi\u00f3n de la diputada nacional de tomar partido por uno de los precandidatos de Juntos por el Cambio: \u201cTiene raz\u00f3n Ritondo en estar desilusionado. Lo mejor en la vida es hacer lo que uno dice\u201d.<\/p>\n<p>La decisi\u00f3n de Mar\u00eda Eugenia Vidal de apoyar a Horacio Rodr\u00edguez Larreta en la interna de Juntos por el Cambio sacudi\u00f3 definitivamente la paz en la coalici\u00f3n opositora a once d\u00edas de las PASO presidenciales. Primero fue Cristian Ritondo, precandidato a diputado nacional y hombre de confianza de la ex gobernadora, quien critic\u00f3 la postura de la dirigente del PRO, pero ahora el conflicto escal\u00f3 ya que Mauricio Macri, fundador del partido, apunt\u00f3 en muy duros t\u00e9rminos contra quien supo ser una de sus personas m\u00e1s cercanas pol\u00edticamente.<\/p>\n<p style=\"text-align: justify;\">\u201cNo lo veo como una sorpresa, dada la relaci\u00f3n de tanto tiempo que tienen Larreta y Vidal, que se apoyen rec\u00edprocamente. Pero tambi\u00e9n lo escuch\u00e9 a Ritondo. Tiene raz\u00f3n en estar desilusionado. Lo mejor en la vida es hacer lo que uno dice. Y, lamentablemente, siento que Mar\u00eda Eugenia, ha tomado varias decisiones sucesivas en las cuales ha desdibujado su perfil\u201d, expres\u00f3 el ex presidente durante una recorrida en San Nicol\u00e1s, en la provincia de Buenos Aires. All\u00ed, con su presencia, respald\u00f3 la gesti\u00f3n del actual intendente Manuel Passaglia (JxC).<\/p>\n<p style=\"text-align: justify;\">En la ma\u00f1ana de este mi\u00e9rcoles, vale recordar, Vidal hab\u00eda se\u00f1alado en relaci\u00f3n a su respaldo a la precandidatura de Larreta dentro de la interna de Juntos por el Cambio: \u201cFaltando pocos d\u00edas para las PASO y con la convicci\u00f3n de que el 14 de agosto vamos a estar todos juntos, unidos, quiero contarles que en las pr\u00f3ximas elecciones, voy a votar por Horacio\u201d. Estas palabras fueron las que ahora generaron la r\u00e9plica por parte del referente de JxC.<\/p>\n<p style=\"text-align: justify;\">En di\u00e1logo con la prensa nicole\u00f1a, el ex Presidente agreg\u00f3 en relaci\u00f3n a sus dichos sobre la ex gobernadora bonaerense: \u201cHa desdibujado su perfil y eso es lo que le duele a la gente que est\u00e1 con ella, que se hab\u00eda comprometido con Patricia (Bullrich) y con RItondo a la cabeza como uno de los l\u00edderes m\u00e1s importantes que ella ten\u00eda dentro de su grupo\u201d.<\/p>\n<p style=\"text-align: justify;\">En el marco de la interna del espacio opositor, Macri tambi\u00e9n fue consultado en relaci\u00f3n a qui\u00e9n representa mejor al espacio en esa disputa electoral. \u201cLo importante es que entendamos que la Argentina necesita un cambio profundo. Si seguimos como estamos ahora, lo \u00fanico que vamos a tener es m\u00e1s pobreza y exclusi\u00f3n. Argentina necesita un cambio profundo, r\u00e1pido, claro y firme. Necesitas sacar a la gente de la desesperanza en la que ha ca\u00eddo. La gente tiene que elegir a quien representa eso\u201d, se\u00f1al\u00f3 el ex mandatario.<\/p>\n<p style=\"text-align: justify;\">En la ma\u00f1ana de este mi\u00e9rcoles, Vidal tambi\u00e9n hab\u00eda fundamentado su respaldo a Larreta. Y si bien resalt\u00f3 que el jefe de Gobierno porte\u00f1o estuvo en los momentos m\u00e1s lindos y m\u00e1s dif\u00edciles de su vida, explic\u00f3 que se decidi\u00f3 a votarlo por otros motivos.<\/p>\n<p style=\"text-align: justify;\">\u201cDurante 27 a\u00f1os, lo vi trabajar de lunes a domingo, desde las 6 de la ma\u00f1ana hasta la noche tarde. No un d\u00eda, no una semana, no unos a\u00f1os. Siempre. Durante 27 a\u00f1os, lo vi prepararse y formarse para poder encarar este desaf\u00edo. Acumulando experiencia, gobernando, atravesando crisis y dificultades. Durante 27 a\u00f1os, lo vi creyendo en su equipo. Convocando a personas valiosas y poni\u00e9ndoles metas que parec\u00edan inalcanzables, logr\u00e1ndolas\u201d, resalt\u00f3 la diputada nacional.<\/p>\n<p style=\"text-align: justify;\">El diputado nacional de Juntos por el Cambio, Cristian Ritondo tambi\u00e9n hab\u00eda criticado hoy a Vidal por su decisi\u00f3n de votar a Larreta. As\u00ed fue como comenz\u00f3 a reavivarse la tensi\u00f3n dentro de la coalici\u00f3n opositora.<\/p>\n<p style=\"text-align: justify;\">\u201cEst\u00e1 claro que me decepciona la decisi\u00f3n de Mar\u00eda Eugenia y se lo dije personalmente. Me dijo que iba a mantenerse neutral. Yo trabaj\u00e9 con ella durante a\u00f1os y dimos batallas importantes en la provincia de Buenos Aires que nunca se hab\u00edan dado y la persona con car\u00e1cter para seguir ese cambio es Patricia Bullrich\u201d, asegur\u00f3 el legislador en comunicaci\u00f3n con CNN Radio. \u201cNo vale todo por un voto y no me gusta cuando se critica la propuesta de Patricia. Tiene que haber una armon\u00eda\u201d, agreg\u00f3 luego.<\/p>\n<p style=\"text-align: justify;\">Fuente: Infobae.com<\/p>\n","protected":false},"excerpt":{"rendered":"<div class=\"mh-excerpt\"><p>El ex presidente se refiri\u00f3 a la decisi\u00f3n de la diputada nacional de tomar partido por uno de los precandidatos de Juntos por el Cambio: <a class=\"mh-excerpt-more\" href=\"https:\/\/primiciasclorinda.com\/?p=31670\" title=\"Fuerte cr\u00edtica de Mauricio Macri a Vidal por el apoyo a Larreta: \u201cHa desdibujado su perfil\u201d\">[&#8230;]<\/a><\/p>\n<\/div>","protected":false},"author":3,"featured_media":31671,"comment_status":"open","ping_status":"open","sticky":false,"template":"","format":"standard","meta":{"footnotes":""},"categories":[3],"tags":[3166,1585],"class_list":["post-31670","post","type-post","status-publish","format-standard","has-post-thumbnail","hentry","category-politica-economia","tag-juntos-por-el-cambio","tag-macri"],"_links":{"self":[{"href":"https:\/\/primiciasclorinda.com\/index.php?rest_route=\/wp\/v2\/posts\/31670","targetHints":{"allow":["GET"]}}],"collection":[{"href":"https:\/\/primiciasclorinda.com\/index.php?rest_route=\/wp\/v2\/posts"}],"about":[{"href":"https:\/\/primiciasclorinda.com\/index.php?rest_route=\/wp\/v2\/types\/post"}],"author":[{"embeddable":true,"href":"https:\/\/primiciasclorinda.com\/index.php?rest_route=\/wp\/v2\/users\/3"}],"replies":[{"embeddable":true,"href":"https:\/\/primiciasclorinda.com\/index.php?rest_route=%2Fwp%2Fv2%2Fcomments&post=31670"}],"version-history":[{"count":1,"href":"https:\/\/primiciasclorinda.com\/index.php?rest_route=\/wp\/v2\/posts\/31670\/revisions"}],"predecessor-version":[{"id":31672,"href":"https:\/\/primiciasclorinda.com\/index.php?rest_route=\/wp\/v2\/posts\/31670\/revisions\/31672"}],"wp:featuredmedia":[{"embeddable":true,"href":"https:\/\/primiciasclorinda.com\/index.php?rest_route=\/wp\/v2\/media\/31671"}],"wp:attachment":[{"href":"https:\/\/primiciasclorinda.com\/index.php?rest_route=%2Fwp%2Fv2%2Fmedia&parent=31670"}],"wp:term":[{"taxonomy":"category","embeddable":true,"href":"https:\/\/primiciasclorinda.com\/index.php?rest_route=%2Fwp%2Fv2%2Fcategories&post=31670"},{"taxonomy":"post_tag","embeddable":true,"href":"https:\/\/primiciasclorinda.com\/index.php?rest_route=%2Fwp%2Fv2%2Ftags&post=31670"}],"curies":[{"name":"wp","href":"https:\/\/api.w.org\/{rel}","templated":true}]}}