{"id":31643,"date":"2023-07-31T20:46:26","date_gmt":"2023-07-31T23:46:26","guid":{"rendered":"http:\/\/primiciasclorinda.com\/?p=31643"},"modified":"2023-07-31T20:46:26","modified_gmt":"2023-07-31T23:46:26","slug":"parola-el-modelo-formoseno-siempre-trabaja-en-defensa-de-los-intereses-de-los-trabajadores","status":"publish","type":"post","link":"https:\/\/primiciasclorinda.com\/?p=31643","title":{"rendered":"Parola: \u201cEl Modelo Formose\u00f1o siempre trabaja en defensa de los intereses de los trabajadores\u201d"},"content":{"rendered":"<p style=\"text-align: justify;\">La Confederaci\u00f3n General del Trabajo (CGT) Delegaci\u00f3n Regional Formosa, recibi\u00f3 a los precandidatos a legisladores nacionales de Uni\u00f3n por la Patria. El encuentro fue a las 18 horas de este lunes 31 en el predio de los trabajadores.<\/p>\n<p style=\"text-align: justify;\">Estuvieron presentes, las precandidatas a senadoras Mar\u00eda Teresa Gonz\u00e1lez y Cristina Mirassou, que integra la lista como suplente. Y de la nomina de diputados nacionales, participaron, Graciela Parola y los suplentes Nelly Daldovo, Gloria Gim\u00e9nez y Adri\u00e1n Muracciole.<\/p>\n<p style=\"text-align: justify;\">Tambi\u00e9n Ricardo Branda, para parlamentario del Mercosur y el segundo suplente, Julio Araoz.<\/p>\n<p style=\"text-align: justify;\">En ese contexto, Parola resalt\u00f3 que \u201cel movimiento obrero organizado es la columna vertebral de nuestro movimiento nacional justicialista, por eso estamos aqu\u00ed, dialogando para poder fortalecernos de cara a las PASO y asumir un compromiso, tanto ellos como nosotros, de seguir acompa\u00f1ando el Modelo Formose\u00f1o\u201d.<\/p>\n<p style=\"text-align: justify;\">Siguiendo esa l\u00ednea, asegur\u00f3 que el modelo provincial \u201csiempre trabaja en defensa de los intereses de los trabajadores\u201d, poniendo en contraste que \u201cen cambio, la derecha, viene con una flexibilizaci\u00f3n laboral bajo el brazo, y que sin dudas, los perjudicados van a ser los trabajadores y las trabajadoras\u201d.<\/p>\n<p style=\"text-align: justify;\">Por eso, \u201cel justicialismo ha logrado la unidad, en la cual nuestro Gobernador Gildo Insfr\u00e1n ha tenido un papel fundamental, porque se trata de la unidad pol\u00edtica y de los trabajadores\u201d, agreg\u00f3.<\/p>\n<p style=\"text-align: justify;\">Asimismo, Parola reafirm\u00f3 que \u201cen Formosa nunca se ha dejado de lado a los derechos laborales, en ning\u00fan tipo de pol\u00edtica, porque el peronismo siempre ha estado de su lado, apoyando y conquistando cada uno de ellos\u201d.<\/p>\n<p style=\"text-align: justify;\">Siguiendo esa l\u00ednea, dijo que \u201cde hecho, el peronismo es el \u00fanico movimiento pol\u00edtico que vino a reivindicar al trabajo y a los trabajadores, e inclusive a alentar la organizaci\u00f3n\u201d. Y ratific\u00f3 que \u201cen nuestra provincia, siempre se garantizaron sus derechos porque hay un trabajo en conjunto con los gremios y los sindicatos\u201d.<\/p>\n<p style=\"text-align: justify;\">\u201cPer\u00f3n dec\u00eda que, no existe para el peronismo m\u00e1s que una sola clase de personas, los que trabajan y en ese camino vamos nosotros con el Modelo Formose\u00f1o, tratando de que todos los formose\u00f1os puedan acceder a un trabajo y a un techo digno, a la educaci\u00f3n y la salud\u201d, sostuvo contundente al finalizar.<\/p>\n<p style=\"text-align: justify;\">Por su parte, Hilario Mart\u00ednez, secretario general de la CGT, ratific\u00f3 que \u201cnosotros vamos a acompa\u00f1ar a nuestros candidatos y a militar casa por casa para lograr buenos resultados en las elecciones y as\u00ed, continuar asegurando los derechos a nuestros trabajadores\u201d.<\/p>\n<p style=\"text-align: justify;\">En ese contexto, asever\u00f3 que \u201cquienes conforman nuestra lista son compa\u00f1eros y compa\u00f1eras tienen una larga trayectoria en la pol\u00edtica, en la militancia y en el territorio y cada uno de ellos representa al pueblo y al Modelo Formose\u00f1o y no nos quedan dudas, que van a cumplir siempre con el pueblo de Formosa\u201d.<\/p>\n<p style=\"text-align: justify;\">En esa l\u00ednea, se refiri\u00f3 a los candidatos de la oposici\u00f3n, afirmando que \u201cesa representaci\u00f3n que tenemos los formose\u00f1os y formose\u00f1as en la C\u00e1mara de Senadores y de Diputados, no ocurre con los candidatos de la oposici\u00f3n que responden m\u00e1s a la Capital Federal que a Formosa\u201d<\/p>\n","protected":false},"excerpt":{"rendered":"<div class=\"mh-excerpt\"><p>La Confederaci\u00f3n General del Trabajo (CGT) Delegaci\u00f3n Regional Formosa, recibi\u00f3 a los precandidatos a legisladores nacionales de Uni\u00f3n por la Patria. El encuentro fue a <a class=\"mh-excerpt-more\" href=\"https:\/\/primiciasclorinda.com\/?p=31643\" title=\"Parola: \u201cEl Modelo Formose\u00f1o siempre trabaja en defensa de los intereses de los trabajadores\u201d\">[&#8230;]<\/a><\/p>\n<\/div>","protected":false},"author":3,"featured_media":31644,"comment_status":"open","ping_status":"open","sticky":false,"template":"","format":"standard","meta":{"footnotes":""},"categories":[3],"tags":[4046,23],"class_list":["post-31643","post","type-post","status-publish","format-standard","has-post-thumbnail","hentry","category-politica-economia","tag-elecciones-2023","tag-formosa"],"_links":{"self":[{"href":"https:\/\/primiciasclorinda.com\/index.php?rest_route=\/wp\/v2\/posts\/31643","targetHints":{"allow":["GET"]}}],"collection":[{"href":"https:\/\/primiciasclorinda.com\/index.php?rest_route=\/wp\/v2\/posts"}],"about":[{"href":"https:\/\/primiciasclorinda.com\/index.php?rest_route=\/wp\/v2\/types\/post"}],"author":[{"embeddable":true,"href":"https:\/\/primiciasclorinda.com\/index.php?rest_route=\/wp\/v2\/users\/3"}],"replies":[{"embeddable":true,"href":"https:\/\/primiciasclorinda.com\/index.php?rest_route=%2Fwp%2Fv2%2Fcomments&post=31643"}],"version-history":[{"count":1,"href":"https:\/\/primiciasclorinda.com\/index.php?rest_route=\/wp\/v2\/posts\/31643\/revisions"}],"predecessor-version":[{"id":31645,"href":"https:\/\/primiciasclorinda.com\/index.php?rest_route=\/wp\/v2\/posts\/31643\/revisions\/31645"}],"wp:featuredmedia":[{"embeddable":true,"href":"https:\/\/primiciasclorinda.com\/index.php?rest_route=\/wp\/v2\/media\/31644"}],"wp:attachment":[{"href":"https:\/\/primiciasclorinda.com\/index.php?rest_route=%2Fwp%2Fv2%2Fmedia&parent=31643"}],"wp:term":[{"taxonomy":"category","embeddable":true,"href":"https:\/\/primiciasclorinda.com\/index.php?rest_route=%2Fwp%2Fv2%2Fcategories&post=31643"},{"taxonomy":"post_tag","embeddable":true,"href":"https:\/\/primiciasclorinda.com\/index.php?rest_route=%2Fwp%2Fv2%2Ftags&post=31643"}],"curies":[{"name":"wp","href":"https:\/\/api.w.org\/{rel}","templated":true}]}}