{"id":31470,"date":"2023-07-03T08:29:04","date_gmt":"2023-07-03T11:29:04","guid":{"rendered":"http:\/\/primiciasclorinda.com\/?p=31470"},"modified":"2023-07-03T08:29:04","modified_gmt":"2023-07-03T11:29:04","slug":"el-invierno-clave-para-prevenir-que-el-dengue-se-desarrolle-en-el-proximo-verano","status":"publish","type":"post","link":"https:\/\/primiciasclorinda.com\/?p=31470","title":{"rendered":"El invierno, clave para prevenir que el dengue se desarrolle en el pr\u00f3ximo verano"},"content":{"rendered":"<p style=\"text-align: justify;\">Desde el Gobierno provincial exhortaron a la poblaci\u00f3n a tomar los recaudos necesarios para evitar otro brote en 2024.<\/p>\n<p style=\"text-align: justify;\">Ante el aumento de casos de dengue en Formosa registrados durante los \u00faltimos meses, la llegada del invierno es considerada clave para que se tomen las medidas necesarias para eliminar los criaderos del mosquito y evitar un nuevo brote de esta enfermedad viral el pr\u00f3ximo verano.<\/p>\n<p style=\"text-align: justify;\">El mosquito Aedes Aegypti es el vector que transmite esta enfermedad, se trata de un insecto de costumbres domiciliarias que suele tener criaderos en objetos en desuso como cubiertas de autos, latas, botellas, bidones, fuentes, baldes, floreros, tanques de agua, cisternas, macetas y porta macetas que no drenen el agua, canaletas de techos, desag\u00fces, rejillas y cualquier otro objeto que pueda acumular agua.<\/p>\n<p style=\"text-align: justify;\">En la provincia de Formosa, la tarea de prevenci\u00f3n se realiza durante todo el a\u00f1o, porque \u201clos niveles que tengamos de afectaci\u00f3n o personas infectadas depender\u00e1 del trabajo que hacemos\u201d, consider\u00f3 el subsecretario de Medicina Sanitaria, doctor Manuel C\u00e1ceres, en contacto con la Agencia de Noticias Formosa (AGENFOR).<\/p>\n<p style=\"text-align: justify;\">El funcionario resalt\u00f3 el trabajo constante de las brigadas sanitarias en la recorrida casa por casa para constatar la presencia de reservorios y aconsejar su eliminaci\u00f3n. \u201cLa idea es bajar al m\u00e1ximo esto, para llegar a la temporada alta, con escasos mosquitos\u201d, subray\u00f3.<\/p>\n<p style=\"text-align: justify;\">\u201cLa comunidad colabora con la charla que hace el brigadista, quien le explica el porqu\u00e9 debemos eliminar estos criaderos. La comunidad es nuestro brazo fuerte, si entiende que en su casa vive el enemigo, nos ayudar\u00e1 a hacer este trabajo y disminuir la cantidad de mosquitos que hay, de eta manera tendremos menos infectados en la temporada alta\u201d, agreg\u00f3.<\/p>\n<p style=\"text-align: justify;\">Destac\u00f3 tambi\u00e9n que la tarea no s\u00f3lo se concentra en Formosa Capital, sino en cada localidad del territorio formose\u00f1o, con la colaboraci\u00f3n de las municipalidades y las fuerzas vivas de la sociedad. \u201cEntre todos hacemos un convenio de trabajar juntos en la llegada al domicilio e ir haciendo el trabajo preventivo con las casas\u201d, subray\u00f3 C\u00e1ceres.<\/p>\n","protected":false},"excerpt":{"rendered":"<div class=\"mh-excerpt\"><p>Desde el Gobierno provincial exhortaron a la poblaci\u00f3n a tomar los recaudos necesarios para evitar otro brote en 2024. Ante el aumento de casos de <a class=\"mh-excerpt-more\" href=\"https:\/\/primiciasclorinda.com\/?p=31470\" title=\"El invierno, clave para prevenir que el dengue se desarrolle en el pr\u00f3ximo verano\">[&#8230;]<\/a><\/p>\n<\/div>","protected":false},"author":3,"featured_media":31471,"comment_status":"open","ping_status":"open","sticky":false,"template":"","format":"standard","meta":{"footnotes":""},"categories":[4,3],"tags":[148,23,4164],"class_list":["post-31470","post","type-post","status-publish","format-standard","has-post-thumbnail","hentry","category-informacion-general","category-politica-economia","tag-dengue","tag-formosa","tag-invierno"],"_links":{"self":[{"href":"https:\/\/primiciasclorinda.com\/index.php?rest_route=\/wp\/v2\/posts\/31470","targetHints":{"allow":["GET"]}}],"collection":[{"href":"https:\/\/primiciasclorinda.com\/index.php?rest_route=\/wp\/v2\/posts"}],"about":[{"href":"https:\/\/primiciasclorinda.com\/index.php?rest_route=\/wp\/v2\/types\/post"}],"author":[{"embeddable":true,"href":"https:\/\/primiciasclorinda.com\/index.php?rest_route=\/wp\/v2\/users\/3"}],"replies":[{"embeddable":true,"href":"https:\/\/primiciasclorinda.com\/index.php?rest_route=%2Fwp%2Fv2%2Fcomments&post=31470"}],"version-history":[{"count":1,"href":"https:\/\/primiciasclorinda.com\/index.php?rest_route=\/wp\/v2\/posts\/31470\/revisions"}],"predecessor-version":[{"id":31472,"href":"https:\/\/primiciasclorinda.com\/index.php?rest_route=\/wp\/v2\/posts\/31470\/revisions\/31472"}],"wp:featuredmedia":[{"embeddable":true,"href":"https:\/\/primiciasclorinda.com\/index.php?rest_route=\/wp\/v2\/media\/31471"}],"wp:attachment":[{"href":"https:\/\/primiciasclorinda.com\/index.php?rest_route=%2Fwp%2Fv2%2Fmedia&parent=31470"}],"wp:term":[{"taxonomy":"category","embeddable":true,"href":"https:\/\/primiciasclorinda.com\/index.php?rest_route=%2Fwp%2Fv2%2Fcategories&post=31470"},{"taxonomy":"post_tag","embeddable":true,"href":"https:\/\/primiciasclorinda.com\/index.php?rest_route=%2Fwp%2Fv2%2Ftags&post=31470"}],"curies":[{"name":"wp","href":"https:\/\/api.w.org\/{rel}","templated":true}]}}