{"id":31264,"date":"2023-05-31T08:03:21","date_gmt":"2023-05-31T11:03:21","guid":{"rendered":"http:\/\/primiciasclorinda.com\/?p=31264"},"modified":"2023-05-31T08:09:54","modified_gmt":"2023-05-31T11:09:54","slug":"alberto-fernandez-se-reunio-con-nicolas-maduro-y-cuestiono-los-bloqueos-contra-venezuela-y-cuba","status":"publish","type":"post","link":"https:\/\/primiciasclorinda.com\/?p=31264","title":{"rendered":"Alberto Fern\u00e1ndez se reuni\u00f3 con Nicol\u00e1s Maduro y cuestion\u00f3 los \u201cbloqueos\u201d contra Venezuela y Cuba"},"content":{"rendered":"<p style=\"text-align: justify;\">La reuni\u00f3n entre el presidente argentino y el l\u00edder del r\u00e9gimen chavista tuvo lugar en Brasilia, en una cumbre para acordar el relanzamiento de la Unasur; Lula da Silva invit\u00f3 al venezolano.<\/p>\n<p style=\"text-align: justify;\">Alberto Fern\u00e1ndez lleg\u00f3 hoy a la reuni\u00f3n de presidentes sudamericanos a apoyar al mandatario brasile\u00f1o Luis In\u00e1cio Lula da Silva, quien reforz\u00f3 la necesidad de relanzar la Unasur como \u201cinstrumento de integraci\u00f3n y mecanismo de resoluci\u00f3n de diferendos\u201d. El jefe del Estado argentino dio un paso m\u00e1s, y se reuni\u00f3, por primera vez durante su mandato, con su par venezolano Nicol\u00e1s Maduro, invitado por Lula da Silva, y quien concret\u00f3 as\u00ed su regreso a los foros regionales luego de a\u00f1os de ostracismo y cr\u00edticas a su pol\u00edtica de derechos humanos. Junto a la foto y el respaldo, Fern\u00e1ndez le pidi\u00f3 a Maduro que Venezuela retorne a los foros internacionales que ha abandonado, una forma de solicitarle tambi\u00e9n que enfrente las denuncias por violaciones a los derechos humanos que pesan en su contra.<\/p>\n<p style=\"text-align: justify;\">Seg\u00fan fuentes oficiales, la reuni\u00f3n dur\u00f3 poco m\u00e1s de diez minutos, fue \u201ccordial y formal\u201d. Seg\u00fan el comunicado oficial, durante el encuentro, del que tambi\u00e9n participaron los cancilleres Santiago Cafiero e Yv\u00e1n Gil Pinto, el Presidente Fern\u00e1ndez \u201cinst\u00f3 a su par venezolano para que su pa\u00eds vuelva a estar representado en foros y mecanismos internacionales, remarcando principalmente a la Comisi\u00f3n Interamericana de Derechos Humanos\u201d. Maduro, en tanto, agradeci\u00f3 a Fern\u00e1ndez haber enviado a Oscar Laborde como embajador en ese pa\u00eds en julio del a\u00f1o pasado. Ambos destacaron \u201cel trabajo que ha realizado Argentina con respecto al apoyo al di\u00e1logo entre los propios venezolanos para la b\u00fasqueda de una salida pol\u00edtica que, en el marco de sus mecanismos institucionales y constitucionales, garantice la plena vigencia de la democracia y el respeto de los derechos humanos, contribuyendo as\u00ed a la recuperaci\u00f3n de la econom\u00eda venezolana y al bienestar de su gente\u201d, seg\u00fan el texto distribuido por Presidencia.<\/p>\n<p style=\"text-align: justify;\">No hac\u00eda falta mucho m\u00e1s: alcanz\u00f3 el encuentro (y la foto posterior) como elocuente mensaje de normalizaci\u00f3n total de los v\u00ednculos con Venezuela, m\u00e1s all\u00e1 de las cr\u00edticas de organismos de derechos humanos y la oposici\u00f3n de Juntos por el Cambio.<\/p>\n<p style=\"text-align: justify;\">\u201cComo dijo N\u00e9stor Kirchner, los viejos moldes se han roto y los nuevos problemas requieren nuevas soluciones. Celebro la iniciativa del presidente de Brasil de impulsar este encuentro que une a los presidentes de Am\u00e9rica del Sur para integrar a la regi\u00f3n\u201d, tuite\u00f3 el Presidente luego de su discurso ante el plenario de mandatarios. Por la tarde, luego del debate de presidentes, Fern\u00e1ndez tuvo una nueva reuni\u00f3n bilateral con Lula, d\u00f3nde reafirmaron un camino com\u00fan.<\/p>\n<p style=\"text-align: justify;\">En ese discurso, de poco m\u00e1s de quince minutos, Fern\u00e1ndez habl\u00f3 del \u201cdesastre clim\u00e1tico\u201d mundial, antes de definir a Sudam\u00e9rica como el \u201ccontinente m\u00e1s desigual del mundo\u201d. Detall\u00f3 de modo cr\u00edtico los \u201ca\u00f1os de Donald Trump\u201d y a la creaci\u00f3n del grupo de Lima \u201cs\u00f3lo para permitir la intervenci\u00f3n en un pa\u00eds sudamericano\u201d, en relaci\u00f3n a Bolivia. Tambi\u00e9n fustig\u00f3 \u201clos bloqueos que dos pa\u00edses americanos sufren\u201d, en relaci\u00f3n a Venezuela y Cuba, y sostuvo la necesidad de retornar a la Unasur. \u201cLa globalizaci\u00f3n se est\u00e1 revisando, y tiende a fortalecer regiones (&#8230;) debemos admitir la necesidad de unirnos como regi\u00f3n\u201d, detall\u00f3 el primer mandatario, en apoyo a la postura de Lula y con la reuni\u00f3n con Maduro en mente.<\/p>\n<p style=\"text-align: justify;\">\u201cLa Unasur fue una maravillosa idea (&#8230;) nos hicieron creer que era un espacio ideol\u00f3gico, y ah\u00ed conviv\u00edan (Hugo) Ch\u00e1vez y (Alvaro) Uribe, el Unasur funcionaba, se trata de unirnos\u201d, exclam\u00f3. Habl\u00f3 de generar un sistema de defensa com\u00fan, y \u201cno hay que esperar lo que el comando sur de alg\u00fan pa\u00eds sobre lo que tenemos que hacer en Am\u00e9rica latina\u201d, en otra cr\u00edtica a Estados Unidos. Pidi\u00f3, adem\u00e1s, \u201campliar las paredes de la Unasur\u201d, incluyendo empresarios y sindicatos, antes de recordar nuevamente al ex presidente N\u00e9stor Kirchner y su pedido de \u201cno aferrarnos a lo malo conocido, y que nos animemos a cambiar\u201d. Cerr\u00f3 con el Mart\u00edn Fierro y sus \u201chermanos sean unidos\u201d, como modo de respaldar, otra vez, el pedido de Lula.<\/p>\n<p style=\"text-align: justify;\">Al margen de la intenci\u00f3n de Lula de consolidar su liderazgo regional fue evidente durante el encuentro, al que el Presidente asisti\u00f3 en momentos en los que el mandatario brasile\u00f1o gestiona ante el FMI y los Brics una ayuda financiera para el pa\u00eds en tiempos de escasez de reservas.<\/p>\n<p style=\"text-align: justify;\"><strong>Las palabras de Alberto Fern\u00e1ndez<\/strong><\/p>\n<p style=\"text-align: justify;\">Pero no todas fueron rosas en la reuni\u00f3n. Cuando le toc\u00f3 hablar, el presidente de Uruguay Luis Lacalle Pou, rechaz\u00f3 retornar a la Unasur y critic\u00f3 la pol\u00edtica de derechos humanos de Venezuela, con Nicol\u00e1s Maduro sentado a pocos metros. \u201cHay gente ac\u00e1 que no est\u00e1 de acuerdo con volver a la Unasur, yo levanto la mano\u201d, dijo el mandatario uruguayo, y exclam\u00f3: \u201cbasta de instituciones\u201d, en relaci\u00f3n al inter\u00e9s de Brasil por relanzar el organismo. \u201cCuando nos toc\u00f3 asumir, nos retiramos de la Unasur, tambi\u00e9n de Prosur, porque no quer\u00edamos participar de ning\u00fan club ideol\u00f3gico\u201d, explic\u00f3 el Presidente. Y de inmediato la emprendi\u00f3 contra la reuni\u00f3n bilateral entre Maduro y Lula, antes del plenario de presidentes. \u201cNo podemos tapar el sol con un dedo, no tenemos la misma definici\u00f3n de democracia y respeto a la institucionalidad que Venezuela\u201d, detall\u00f3.<\/p>\n<p style=\"text-align: justify;\">\u201cLa integraci\u00f3n debe ser el objetivo permanente de todos nosotros (\u2026) permitir que las divergencias se impongan tendr\u00eda un costo elevado\u201d, hab\u00eda dicho Lula en sus poco m\u00e1s de veinte minutos de introducci\u00f3n al encuentro de doce mandatarios, entre ellos el venezolano Nicol\u00e1s Maduro, cuyo \u201cretorno\u201d a los foros regionales luego de varios a\u00f1os de ausencia fue auspiciado por el mandatario brasile\u00f1o.<\/p>\n<p style=\"text-align: justify;\">\u201cLa integraci\u00f3n es fundamental para la fortaleza de la regi\u00f3n\u201d, afirm\u00f3 el presidente brasile\u00f1o, quien destac\u00f3 los primeros pasos de los ex presidentes Jos\u00e9 Sarney y Ra\u00fal Alfons\u00edn, \u201cque entendieron la importancia de la integraci\u00f3n para la consolidaci\u00f3n de nuestras democracias\u201d a mediados de los a\u00f1os ochenta.<\/p>\n<p style=\"text-align: justify;\">Durante su discurso, Lula lanz\u00f3 una serie de propuestas, a ser discutidas por el plenario, entre los cuales se encontraban Lacalle Pou y Guillermo Lasso (Ecuador), renuentes a firmar su retorno a la Unasur, como ya lo hicieron Argentina y Brasil en los \u00faltimos meses, y al cual ya est\u00e1n adheridos Venezuela, Bolivia, Guyana y Surinam. El presidente colombiano Gustavo Petro, que tampoco se ha sumado hasta el momento al bloque regional, lleg\u00f3 tarde al encuentro, por lo que la foto de familia se pospuso para despu\u00e9s del almuerzo.<\/p>\n<p style=\"text-align: justify;\">Entre las propuestas, figuran la de \u201cprofundizar nuestra identidad en el \u00e1rea monetaria\u201d por medio de \u201cmecanismos de compensaci\u00f3n m\u00e1s eficientes y la creaci\u00f3n de una unidad de referencia com\u00fan para el comercio, reduciendo la dependencia de monedas extrarregionales\u201d como el d\u00f3lar. Tambi\u00e9n propuso \u201ccomenzar discusi\u00f3n sobre la constituci\u00f3n de un mercado energ\u00e9tico sudamericano, que asegure el abastecimiento, el uso eficiente de nuestros recursos, la estabilidad jur\u00eddica, los precios justos y la sostenibilidad social y ambiental\u201d, y acuerdos en el \u00e1rea de Salud, Medio Ambiente y cooperaci\u00f3n en materia de Defensa.<\/p>\n<p style=\"text-align: justify;\">Tal vez sabedor de las diferencias en la regi\u00f3n en torno a la invasi\u00f3n rusa a Ucrania, el presidente de Brasil utiliz\u00f3 el t\u00e9rmino \u201cguerra\u201d al referirse al conflicto. \u201cTodos sufrimos las consecuencias de la guerra. El conflicto en Ucrania ha desestabilizado el mercado de la energ\u00eda y los fertilizantes y ha provocado la volatilidad de los precios de los alimentos, deteriorando nuestras condiciones de vida\u201d, dijo Lula, quien desech\u00f3 d\u00edas atr\u00e1s una invitaci\u00f3n del presidente ruso Vladimir Putin para visitar ese pa\u00eds, y le pidi\u00f3 retomar el di\u00e1logo para terminar con el conflicto armado.<\/p>\n<p style=\"text-align: justify;\">El Presidente arrib\u00f3 a Brasilia en la noche del lunes, en el Tango04 y acompa\u00f1ado por el canciller Santiago Cafiero, el secretario general de la Presidencia, Julio Vitobello y la portavoz Gabriela Cerruti. En el aeropuerto se les sum\u00f3 el embajador en Brasil, Daniel Scioli, pre-candidato presidencial por el oficialismo, y la delegaci\u00f3n se traslad\u00f3 al hotel Meli\u00e1 de la capital brasile\u00f1a.<\/p>\n<p style=\"text-align: justify;\">Fuente: La Naci\u00f3n<\/p>\n","protected":false},"excerpt":{"rendered":"<div class=\"mh-excerpt\"><p>La reuni\u00f3n entre el presidente argentino y el l\u00edder del r\u00e9gimen chavista tuvo lugar en Brasilia, en una cumbre para acordar el relanzamiento de la <a class=\"mh-excerpt-more\" href=\"https:\/\/primiciasclorinda.com\/?p=31264\" title=\"Alberto Fern\u00e1ndez se reuni\u00f3 con Nicol\u00e1s Maduro y cuestion\u00f3 los \u201cbloqueos\u201d contra Venezuela y Cuba\">[&#8230;]<\/a><\/p>\n<\/div>","protected":false},"author":3,"featured_media":31265,"comment_status":"open","ping_status":"open","sticky":false,"template":"","format":"standard","meta":{"footnotes":""},"categories":[3],"tags":[2467,980],"class_list":["post-31264","post","type-post","status-publish","format-standard","has-post-thumbnail","hentry","category-politica-economia","tag-alberto-fernandez","tag-maduro"],"_links":{"self":[{"href":"https:\/\/primiciasclorinda.com\/index.php?rest_route=\/wp\/v2\/posts\/31264","targetHints":{"allow":["GET"]}}],"collection":[{"href":"https:\/\/primiciasclorinda.com\/index.php?rest_route=\/wp\/v2\/posts"}],"about":[{"href":"https:\/\/primiciasclorinda.com\/index.php?rest_route=\/wp\/v2\/types\/post"}],"author":[{"embeddable":true,"href":"https:\/\/primiciasclorinda.com\/index.php?rest_route=\/wp\/v2\/users\/3"}],"replies":[{"embeddable":true,"href":"https:\/\/primiciasclorinda.com\/index.php?rest_route=%2Fwp%2Fv2%2Fcomments&post=31264"}],"version-history":[{"count":2,"href":"https:\/\/primiciasclorinda.com\/index.php?rest_route=\/wp\/v2\/posts\/31264\/revisions"}],"predecessor-version":[{"id":31267,"href":"https:\/\/primiciasclorinda.com\/index.php?rest_route=\/wp\/v2\/posts\/31264\/revisions\/31267"}],"wp:featuredmedia":[{"embeddable":true,"href":"https:\/\/primiciasclorinda.com\/index.php?rest_route=\/wp\/v2\/media\/31265"}],"wp:attachment":[{"href":"https:\/\/primiciasclorinda.com\/index.php?rest_route=%2Fwp%2Fv2%2Fmedia&parent=31264"}],"wp:term":[{"taxonomy":"category","embeddable":true,"href":"https:\/\/primiciasclorinda.com\/index.php?rest_route=%2Fwp%2Fv2%2Fcategories&post=31264"},{"taxonomy":"post_tag","embeddable":true,"href":"https:\/\/primiciasclorinda.com\/index.php?rest_route=%2Fwp%2Fv2%2Ftags&post=31264"}],"curies":[{"name":"wp","href":"https:\/\/api.w.org\/{rel}","templated":true}]}}