{"id":31029,"date":"2023-04-14T07:27:11","date_gmt":"2023-04-14T10:27:11","guid":{"rendered":"http:\/\/primiciasclorinda.com\/?p=31029"},"modified":"2023-04-14T07:27:11","modified_gmt":"2023-04-14T10:27:11","slug":"el-gobernador-presidio-acto-de-imposicion-de-nombre-al-hospital-de-dia-del-barrio-2-de-abril","status":"publish","type":"post","link":"https:\/\/primiciasclorinda.com\/?p=31029","title":{"rendered":"El Gobernador presidi\u00f3 acto de imposici\u00f3n de nombre al Hospital de D\u00eda del barrio 2 de Abril"},"content":{"rendered":"<p style=\"text-align: justify;\">El gobernador de Formosa, Gildo Insfr\u00e1n, encabez\u00f3 este jueves 13 la ceremonia de imposici\u00f3n del nombre \u201cDr. Adolfo Lippmann\u201d al Hospital de D\u00eda del barrio 2 de Abril, ubicado en la intersecci\u00f3n de la Avenida Italia y la calle Trinidad Gonz\u00e1lez de la ciudad capital.<\/p>\n<p style=\"text-align: justify;\">Acompa\u00f1aron al primer mandatario el jefe de Gabinete de Ministros, Antonio Ferreira; el ministro de Desarrollo Humano, An\u00edbal G\u00f3mez; legisladoras nacionales, diputados y diputadas provinciales; al igual que el intendente capitalino Jorge Jofr\u00e9, ministros y ministras del gabinete provincial, el actual director del Hospital de D\u00eda, el doctor Marcelo Villarroel; personal del nosocomio, familiares del doctor Lippmann, representantes de organismos nacionales en la provincia, entre otros.<\/p>\n<p style=\"text-align: justify;\">En el inicio del acto, tras entonarse los Himnos Nacional Argentino y Marcha a Formosa, se procedi\u00f3 a la lectura y posterior entrega del Decreto N\u00b0 72\/2023 del Poder Ejecutivo Provincial, el cual destac\u00f3 como \u201cun acto de estricta justicia\u201d homenajear al doctor Lippmann, reconocido m\u00e9dico traumat\u00f3logo de gran formaci\u00f3n profesional, adem\u00e1s de \u201cun militante del campo nacional y popular que ejerci\u00f3 su actividad m\u00e9dica y pol\u00edtica con una alta sensibilidad y profunda vocaci\u00f3n de servicio al pr\u00f3jimo\u201d.<\/p>\n<p style=\"text-align: justify;\">Esto le permiti\u00f3 lograr el reconocimiento de la comunidad formose\u00f1a, ocupando cargos de relevancia en la estructura del sistema provincial de salud p\u00fablica, tales como el de director del Hospital Central de Formosa, as\u00ed como en el \u00e1mbito acad\u00e9mico como profesor de la Universidad Nacional de La Plata, adem\u00e1s de ser un precursor y promotor en la formaci\u00f3n permanente y continua de los m\u00e9dicos especialistas en traumatolog\u00eda.<\/p>\n<p style=\"text-align: justify;\">Por estas razones, el Gobierno provincial consider\u00f3 oportuno rendirle un justo y merecido homenaje, imponiendo su nombre al nosocomio cabecera del Distrito Sanitario IX.<\/p>\n<p style=\"text-align: justify;\">Seguidamente, Gabriel Lippmann, hijo del extinto m\u00e9dico, recibi\u00f3 de manos del gobernador Insfr\u00e1n el mencionado decreto y luego se descubri\u00f3 el nombre impuesto en el p\u00f3rtico y una placa recordatoria, sum\u00e1ndose a este pasaje del acto Luz Bella Lippmann, hermana del doctor homenajeado.<\/p>\n<p style=\"text-align: justify;\">En este marco, el actual director del Hospital de D\u00eda, el doctor Marcelo Villarroel, en su alocuci\u00f3n record\u00f3 que este nosocomio inici\u00f3 como una peque\u00f1a sala de primeros auxilios en la d\u00e9cada de 80, destacando \u201cque en esa \u00e9poca no cont\u00e1bamos con pavimentos en esta arteria de la ciudad, pero a pesar de eso siempre se asisti\u00f3 a la comunidad con amor y compromiso\u201d.<\/p>\n<p style=\"text-align: justify;\">De este modo, se\u00f1al\u00f3 que actualmente el barrio 2 de Abril, al igual que los dem\u00e1s \u201ccuentan con todos los servicios b\u00e1sicos que permiten una buena calidad de vida y por ende de salud\u201d.<\/p>\n<p style=\"text-align: justify;\">\nY puntualiz\u00f3 que forman parte de esta \u00e1rea program\u00e1tica 27 populosos barrios, \u201cconstituyendo un claro ejemplo del progreso y desarrollo de nuestra ciudad y de toda la provincia en forma planificada, visionaria y enmarcado en el Modelo Formose\u00f1o, garantizando igualdad de oportunidades a todos, vivan donde vivan\u201d.<\/p>\n<p style=\"text-align: justify;\">Continu\u00f3 relatando que con el correr de los a\u00f1os esa \u201csalita\u201d fue creciendo a la par de la poblaci\u00f3n y, por ende, tambi\u00e9n la demanda de atenci\u00f3n, \u201ces as\u00ed en el a\u00f1o \u201897 se transforma en un centro de salud y posteriormente un centro de referencia del Distrito Sanitario IX, ampliando sus instalaciones y prestaciones\u201d.<\/p>\n<p style=\"text-align: justify;\">Asimismo, afirm\u00f3 que \u201csiempre atento a las inquietudes de la gente, nuestro gobernador Insfr\u00e1ninaugur\u00f3 en el 2016 lo que hoy es el Hospital de D\u00eda, que cuenta con el recurso humano, la infraestructura y la tecnolog\u00eda necesaria para formar parte del sistema de salud, caracterizado por su organizaci\u00f3n en niveles de complejidad creciente, ejemplo del pa\u00eds\u201d.<\/p>\n<p style=\"text-align: justify;\">En este marco, indic\u00f3 que todas estas concreciones se dan dentro del Modelo Formose\u00f1o, en modelo que nos incluye a todos y todas, que nada est\u00e1 librado al azar y nos ense\u00f1a a conocer nuestra geograf\u00eda y habitante de nuestra tierra. \u201cPor eso, reconocer a personas que fueron parte de nuestra historia es tambi\u00e9n parte de este proyecto pol\u00edtico\u201d y agradeci\u00f3 a las autoridades por tan acertada decisi\u00f3n.<\/p>\n<p style=\"text-align: justify;\">Expuso que \u201choy es el turno de Lippmann que tuvo una reconocida trayectoria\u201d, agregando que \u201csu nombre se recordar\u00e1 siempre en nuestro sistema de salud p\u00fablico\u201d.<\/p>\n<p style=\"text-align: justify;\">A su vez, respecto a los que critican al sistema sanitario de Formosa, afirm\u00f3 que \u201caunque muchos necios no quieren reconocerlo es un orgullo a nivel pa\u00eds, sobre todo por la visi\u00f3n antropoc\u00e9ntrica de su concepci\u00f3n que permite que, como profesionales de salud, brindemos una atenci\u00f3n centrada en las personas y sus necesidades\u201d.<\/p>\n<p style=\"text-align: justify;\">Finalmente, el hijo de Adolfo Lippmann, Gabriel Lippmann, agradeci\u00f3 al gobernador Insfr\u00e1n \u201cpor este enorme gesto y a los profesionales y compa\u00f1eros de trabajo que hicieron posible que esto se concrete\u201d, recordando muy emocionado a su padre.<\/p>\n<p style=\"text-align: justify;\">Sostuvo que \u201ces dif\u00edcil de resumir lo que fue mi pap\u00e1 en palabras\u201d, destacando su larga trayectoria profesional, donde siempre conform\u00f3 y fue parte de equipos de salud \u201cde primera l\u00ednea\u201d.<\/p>\n<p style=\"text-align: justify;\">Tambi\u00e9n record\u00f3 orgulloso que Lippmann form\u00f3 parte de los operativos \u201cPor Nuestra Gente, Todo\u201d y que varias veces lo acompa\u00f1\u00f3 al interior, conociendo la provincia y el empe\u00f1o que le dedicaba a su tarea.<\/p>\n<p style=\"text-align: justify;\">Por todo eso, insisti\u00f3 en su agradecimiento por homenajearlo con esta imposici\u00f3n de nombre al hospital, siendo este el mejor regalo en el d\u00eda de su cumplea\u00f1os, lo cual es muy valorable para \u00e9l y su familia.<\/p>\n","protected":false},"excerpt":{"rendered":"<div class=\"mh-excerpt\"><p>El gobernador de Formosa, Gildo Insfr\u00e1n, encabez\u00f3 este jueves 13 la ceremonia de imposici\u00f3n del nombre \u201cDr. Adolfo Lippmann\u201d al Hospital de D\u00eda del barrio <a class=\"mh-excerpt-more\" href=\"https:\/\/primiciasclorinda.com\/?p=31029\" title=\"El Gobernador presidi\u00f3 acto de imposici\u00f3n de nombre al Hospital de D\u00eda del barrio 2 de Abril\">[&#8230;]<\/a><\/p>\n<\/div>","protected":false},"author":3,"featured_media":31030,"comment_status":"open","ping_status":"open","sticky":false,"template":"","format":"standard","meta":{"footnotes":""},"categories":[4,3],"tags":[18,881],"class_list":["post-31029","post","type-post","status-publish","format-standard","has-post-thumbnail","hentry","category-informacion-general","category-politica-economia","tag-gildo-insfran","tag-salud"],"_links":{"self":[{"href":"https:\/\/primiciasclorinda.com\/index.php?rest_route=\/wp\/v2\/posts\/31029","targetHints":{"allow":["GET"]}}],"collection":[{"href":"https:\/\/primiciasclorinda.com\/index.php?rest_route=\/wp\/v2\/posts"}],"about":[{"href":"https:\/\/primiciasclorinda.com\/index.php?rest_route=\/wp\/v2\/types\/post"}],"author":[{"embeddable":true,"href":"https:\/\/primiciasclorinda.com\/index.php?rest_route=\/wp\/v2\/users\/3"}],"replies":[{"embeddable":true,"href":"https:\/\/primiciasclorinda.com\/index.php?rest_route=%2Fwp%2Fv2%2Fcomments&post=31029"}],"version-history":[{"count":1,"href":"https:\/\/primiciasclorinda.com\/index.php?rest_route=\/wp\/v2\/posts\/31029\/revisions"}],"predecessor-version":[{"id":31031,"href":"https:\/\/primiciasclorinda.com\/index.php?rest_route=\/wp\/v2\/posts\/31029\/revisions\/31031"}],"wp:featuredmedia":[{"embeddable":true,"href":"https:\/\/primiciasclorinda.com\/index.php?rest_route=\/wp\/v2\/media\/31030"}],"wp:attachment":[{"href":"https:\/\/primiciasclorinda.com\/index.php?rest_route=%2Fwp%2Fv2%2Fmedia&parent=31029"}],"wp:term":[{"taxonomy":"category","embeddable":true,"href":"https:\/\/primiciasclorinda.com\/index.php?rest_route=%2Fwp%2Fv2%2Fcategories&post=31029"},{"taxonomy":"post_tag","embeddable":true,"href":"https:\/\/primiciasclorinda.com\/index.php?rest_route=%2Fwp%2Fv2%2Ftags&post=31029"}],"curies":[{"name":"wp","href":"https:\/\/api.w.org\/{rel}","templated":true}]}}