{"id":30574,"date":"2023-02-14T07:29:45","date_gmt":"2023-02-14T10:29:45","guid":{"rendered":"http:\/\/primiciasclorinda.com\/?p=30574"},"modified":"2023-02-14T07:29:45","modified_gmt":"2023-02-14T10:29:45","slug":"precios-justos-para-la-carne-congelan-el-valor-de-siete-cortes-hasta-el-31-de-marzo","status":"publish","type":"post","link":"https:\/\/primiciasclorinda.com\/?p=30574","title":{"rendered":"Precios Justos para la carne: congelan el valor de siete cortes hasta el 31 de marzo"},"content":{"rendered":"<p style=\"text-align: justify;\">El Instituto Nacional de Estad\u00edsticas y Censos (INDEC) dar\u00e1 a conocer este martes el \u00cdndice de Precios al Consumidor (IPC) correspondiente a enero. Los pron\u00f3sticos no son alentadores y no se ver\u00eda reflejada una desaceleraci\u00f3n respecto a los meses anteriores. Parte de la problem\u00e1tica estar\u00eda vinculada al aumento del precio de la carne en el primer mes del a\u00f1o. A ra\u00edz de ello, el Gobierno anunci\u00f3 un nuevo acuerdo para contener las subas del sector.<\/p>\n<p style=\"text-align: justify;\">Seg\u00fan explic\u00f3 el ministerio de Econom\u00eda, el programa tiene por objetivo promover la producci\u00f3n de carne bovina afectada por la sequ\u00eda, como tambi\u00e9n la \u00abcomercializaci\u00f3n bancarizada de las ventas y el acceso a los consumidores a precios accesibles y con un sendero de precios previsibles\u00bb.<\/p>\n<p style=\"text-align: justify;\">Por eso, se sum\u00f3 a Precios Justos siete cortes a precios diferenciales que se mantendr\u00e1n hasta el 31 de marzo y luego estos cortes tendr\u00e1n un tope de aumento del 3,2% hasta el 30 de junio. Seg\u00fan indicaron desde el Palacio de Hacienda, estos cortes ingresan con un promedio del 30% menos de su precio actual.<\/p>\n<p style=\"text-align: justify;\">Los siete cortes de carne son asado, nalga, matambre, vac\u00edo, falda, paleta y tapa de asado. Se comercializar\u00e1 en supermercados e hipermercados y carnicer\u00edas de frigor\u00edficos.<\/p>\n<p style=\"text-align: justify;\">Adem\u00e1s, se realizar\u00e1 un reintegro de compras con tarjeta de d\u00e9bito para compras en comercios que se encuentren inscriptos en la AFIP a la fecha de entrada en vigencia del programa. Se devolver\u00e1 el 10% del total de la compra, que se acreditar\u00e1 en 48 horas, y el tope del reintegro ser\u00e1 $2000 por mes. Equivale a compras mensuales de $20.000 en las peque\u00f1as carnicer\u00edas.<\/p>\n<p style=\"text-align: justify;\">Adem\u00e1s, el Banco Naci\u00f3n ofrecer\u00e1 los s\u00e1bados una promoci\u00f3n para Comercios de Barrio del 35% para compras con tarjeta de cr\u00e9dito y d\u00e9bito del Banco Naci\u00f3n. Tambi\u00e9n aplicar\u00e1 para pagos a trav\u00e9s de MODO BNA+ escaneando el c\u00f3digo QR. El tope de reintegro ser\u00e1 de $3000 por transacci\u00f3n.<\/p>\n<p style=\"text-align: justify;\">El ministro de Econom\u00eda inform\u00f3 que se incorporar\u00e1 en los pr\u00f3ximos d\u00edas la promoci\u00f3n del 35% con Banco Naci\u00f3n los viernes para carnicer\u00edas, con tope de reintegro de $3000 por transacci\u00f3n.<\/p>\n<p style=\"text-align: justify;\">Precios Justos: c\u00f3mo quedan los precios de la carne hasta el 31 de marzo:<br \/>\nAsado: $1035 el kilo<br \/>\nNalga: $1375 el kilo<br \/>\nMatambre: $1370 el kilo<br \/>\nVac\u00edo: $1351 el kilo<br \/>\nFalda: $675 el kilo<br \/>\nPaleta: $1113 el kilo<br \/>\nTapa de asado: $1035 el kilo<\/p>\n<p style=\"text-align: justify;\">Fuente: El Comercial<\/p>\n","protected":false},"excerpt":{"rendered":"<div class=\"mh-excerpt\"><p>El Instituto Nacional de Estad\u00edsticas y Censos (INDEC) dar\u00e1 a conocer este martes el \u00cdndice de Precios al Consumidor (IPC) correspondiente a enero. Los pron\u00f3sticos <a class=\"mh-excerpt-more\" href=\"https:\/\/primiciasclorinda.com\/?p=30574\" title=\"Precios Justos para la carne: congelan el valor de siete cortes hasta el 31 de marzo\">[&#8230;]<\/a><\/p>\n<\/div>","protected":false},"author":3,"featured_media":30575,"comment_status":"open","ping_status":"open","sticky":false,"template":"","format":"standard","meta":{"footnotes":""},"categories":[3],"tags":[203,168,2502,4110],"class_list":["post-30574","post","type-post","status-publish","format-standard","has-post-thumbnail","hentry","category-politica-economia","tag-carne","tag-inflacion","tag-massa","tag-precios-justos"],"_links":{"self":[{"href":"https:\/\/primiciasclorinda.com\/index.php?rest_route=\/wp\/v2\/posts\/30574","targetHints":{"allow":["GET"]}}],"collection":[{"href":"https:\/\/primiciasclorinda.com\/index.php?rest_route=\/wp\/v2\/posts"}],"about":[{"href":"https:\/\/primiciasclorinda.com\/index.php?rest_route=\/wp\/v2\/types\/post"}],"author":[{"embeddable":true,"href":"https:\/\/primiciasclorinda.com\/index.php?rest_route=\/wp\/v2\/users\/3"}],"replies":[{"embeddable":true,"href":"https:\/\/primiciasclorinda.com\/index.php?rest_route=%2Fwp%2Fv2%2Fcomments&post=30574"}],"version-history":[{"count":1,"href":"https:\/\/primiciasclorinda.com\/index.php?rest_route=\/wp\/v2\/posts\/30574\/revisions"}],"predecessor-version":[{"id":30576,"href":"https:\/\/primiciasclorinda.com\/index.php?rest_route=\/wp\/v2\/posts\/30574\/revisions\/30576"}],"wp:featuredmedia":[{"embeddable":true,"href":"https:\/\/primiciasclorinda.com\/index.php?rest_route=\/wp\/v2\/media\/30575"}],"wp:attachment":[{"href":"https:\/\/primiciasclorinda.com\/index.php?rest_route=%2Fwp%2Fv2%2Fmedia&parent=30574"}],"wp:term":[{"taxonomy":"category","embeddable":true,"href":"https:\/\/primiciasclorinda.com\/index.php?rest_route=%2Fwp%2Fv2%2Fcategories&post=30574"},{"taxonomy":"post_tag","embeddable":true,"href":"https:\/\/primiciasclorinda.com\/index.php?rest_route=%2Fwp%2Fv2%2Ftags&post=30574"}],"curies":[{"name":"wp","href":"https:\/\/api.w.org\/{rel}","templated":true}]}}