{"id":3057,"date":"2016-07-28T22:06:47","date_gmt":"2016-07-28T22:06:47","guid":{"rendered":"http:\/\/primiciasclorinda.com\/?p=3057"},"modified":"2016-07-29T11:52:07","modified_gmt":"2016-07-29T11:52:07","slug":"la-ferial-barrial-municipal-hoy-visito-el-barrio-libertad","status":"publish","type":"post","link":"https:\/\/primiciasclorinda.com\/?p=3057","title":{"rendered":"La Feria Barrial Municipal hoy visit\u00f3 el barrio Libertad"},"content":{"rendered":"<figure id=\"attachment_3059\" aria-describedby=\"caption-attachment-3059\" style=\"width: 1280px\" class=\"wp-caption alignnone\"><img loading=\"lazy\" decoding=\"async\" class=\"size-full wp-image-3059\" src=\"http:\/\/primiciasclorinda.com\/wp-content\/uploads\/2016\/07\/verduleria.jpg\" alt=\"Uno de los puestos m\u00e1s requeridos por los vecinos.\" width=\"1280\" height=\"720\" srcset=\"https:\/\/primiciasclorinda.com\/wp-content\/uploads\/2016\/07\/verduleria.jpg 1280w, https:\/\/primiciasclorinda.com\/wp-content\/uploads\/2016\/07\/verduleria-300x169.jpg 300w, https:\/\/primiciasclorinda.com\/wp-content\/uploads\/2016\/07\/verduleria-768x432.jpg 768w, https:\/\/primiciasclorinda.com\/wp-content\/uploads\/2016\/07\/verduleria-1024x576.jpg 1024w\" sizes=\"auto, (max-width: 1280px) 100vw, 1280px\" \/><figcaption id=\"caption-attachment-3059\" class=\"wp-caption-text\">Uno de los puestos m\u00e1s requeridos por los vecinos.<\/figcaption><\/figure>\n<p style=\"text-align: justify;\">La Feria Barrial Municipal contin\u00faa con su versi\u00f3n itinerante, recorriendo cada jueves un barrio de la ciudad. Hoy fue el turno del barrio Libertad en la plaza del mismo nombre. Desde temprano se hicieron presentes los feriantes como tambi\u00e9n los vecinos.<!--more--><br \/>\nEsta actividad que es fomentada por la Subsecretar\u00eda de Producci\u00f3n de Municipio ha tenido buena recepci\u00f3n por parte \u00a0de los vecinos como as\u00ed tambi\u00e9n por parte de los feriantes que en cada oportunidad se van sumando, hoy fue el turno de la Cooperativa \u00abLadrilleros del Norte\u00bb, quienes participaron por primera vez.<\/p>\n<figure id=\"attachment_3058\" aria-describedby=\"caption-attachment-3058\" style=\"width: 885px\" class=\"wp-caption alignnone\"><img loading=\"lazy\" decoding=\"async\" class=\"size-full wp-image-3058\" src=\"http:\/\/primiciasclorinda.com\/wp-content\/uploads\/2016\/07\/coop-ladrilleros.jpg\" alt=\"Hoy particip\u00f3 la Coop. de Ladrilleros.\" width=\"885\" height=\"475\" srcset=\"https:\/\/primiciasclorinda.com\/wp-content\/uploads\/2016\/07\/coop-ladrilleros.jpg 885w, https:\/\/primiciasclorinda.com\/wp-content\/uploads\/2016\/07\/coop-ladrilleros-300x161.jpg 300w, https:\/\/primiciasclorinda.com\/wp-content\/uploads\/2016\/07\/coop-ladrilleros-768x412.jpg 768w\" sizes=\"auto, (max-width: 885px) 100vw, 885px\" \/><figcaption id=\"caption-attachment-3058\" class=\"wp-caption-text\">Hoy particip\u00f3 la Coop. de Ladrilleros.<\/figcaption><\/figure>\n<p style=\"text-align: justify;\">Este jueves participaron todo tipo de feriantes, entre los que se destacan los vendedores de panificados, frutas y verduras, productos de limpieza y como siempre distintos cortes de carne.<\/p>\n<p>Vale mencionar que cada jueves la feria visita un barrio distinto, ya han visitado muchos de los barrios de la ciudad pero como inform\u00f3 a Primicias Clorinda, el Subsecretario de Producci\u00f3n, Jorge Ramos \u00abla idea es continuar visitando los barrios de la ciudad, la feria es una realidad y las comisiones vecinales de cada barrio nos piden poder participar\u00bb.<\/p>\n<figure id=\"attachment_3060\" aria-describedby=\"caption-attachment-3060\" style=\"width: 1280px\" class=\"wp-caption alignnone\"><img loading=\"lazy\" decoding=\"async\" class=\"size-full wp-image-3060\" src=\"http:\/\/primiciasclorinda.com\/wp-content\/uploads\/2016\/07\/panificados.jpg\" alt=\"El kilo de pan a 14 pesos, se vendi\u00f3 r\u00e1pidamente por supuesto. \" width=\"1280\" height=\"720\" srcset=\"https:\/\/primiciasclorinda.com\/wp-content\/uploads\/2016\/07\/panificados.jpg 1280w, https:\/\/primiciasclorinda.com\/wp-content\/uploads\/2016\/07\/panificados-300x169.jpg 300w, https:\/\/primiciasclorinda.com\/wp-content\/uploads\/2016\/07\/panificados-768x432.jpg 768w, https:\/\/primiciasclorinda.com\/wp-content\/uploads\/2016\/07\/panificados-1024x576.jpg 1024w\" sizes=\"auto, (max-width: 1280px) 100vw, 1280px\" \/><figcaption id=\"caption-attachment-3060\" class=\"wp-caption-text\">El kilo de pan a 14 pesos, se vendi\u00f3 r\u00e1pidamente por supuesto.<\/figcaption><\/figure>\n","protected":false},"excerpt":{"rendered":"<div class=\"mh-excerpt\"><p>La Feria Barrial Municipal contin\u00faa con su versi\u00f3n itinerante, recorriendo cada jueves un barrio de la ciudad. Hoy fue el turno del barrio Libertad en <a class=\"mh-excerpt-more\" href=\"https:\/\/primiciasclorinda.com\/?p=3057\" title=\"La Feria Barrial Municipal hoy visit\u00f3 el barrio Libertad\">[&#8230;]<\/a><\/p>\n<\/div>","protected":false},"author":3,"featured_media":0,"comment_status":"open","ping_status":"open","sticky":false,"template":"","format":"standard","meta":{"footnotes":""},"categories":[4],"tags":[605,26,604],"class_list":["post-3057","post","type-post","status-publish","format-standard","hentry","category-informacion-general","tag-barrio-libertad","tag-clorinda","tag-feria-barrial-municipal"],"_links":{"self":[{"href":"https:\/\/primiciasclorinda.com\/index.php?rest_route=\/wp\/v2\/posts\/3057","targetHints":{"allow":["GET"]}}],"collection":[{"href":"https:\/\/primiciasclorinda.com\/index.php?rest_route=\/wp\/v2\/posts"}],"about":[{"href":"https:\/\/primiciasclorinda.com\/index.php?rest_route=\/wp\/v2\/types\/post"}],"author":[{"embeddable":true,"href":"https:\/\/primiciasclorinda.com\/index.php?rest_route=\/wp\/v2\/users\/3"}],"replies":[{"embeddable":true,"href":"https:\/\/primiciasclorinda.com\/index.php?rest_route=%2Fwp%2Fv2%2Fcomments&post=3057"}],"version-history":[{"count":2,"href":"https:\/\/primiciasclorinda.com\/index.php?rest_route=\/wp\/v2\/posts\/3057\/revisions"}],"predecessor-version":[{"id":3062,"href":"https:\/\/primiciasclorinda.com\/index.php?rest_route=\/wp\/v2\/posts\/3057\/revisions\/3062"}],"wp:attachment":[{"href":"https:\/\/primiciasclorinda.com\/index.php?rest_route=%2Fwp%2Fv2%2Fmedia&parent=3057"}],"wp:term":[{"taxonomy":"category","embeddable":true,"href":"https:\/\/primiciasclorinda.com\/index.php?rest_route=%2Fwp%2Fv2%2Fcategories&post=3057"},{"taxonomy":"post_tag","embeddable":true,"href":"https:\/\/primiciasclorinda.com\/index.php?rest_route=%2Fwp%2Fv2%2Ftags&post=3057"}],"curies":[{"name":"wp","href":"https:\/\/api.w.org\/{rel}","templated":true}]}}