{"id":30540,"date":"2023-02-11T23:28:22","date_gmt":"2023-02-12T02:28:22","guid":{"rendered":"http:\/\/primiciasclorinda.com\/?p=30540"},"modified":"2023-02-11T23:28:22","modified_gmt":"2023-02-12T02:28:22","slug":"espectacular-inicio-de-la-xx-fiesta-nacional-de-la-corvina-de-rio-en-herradura","status":"publish","type":"post","link":"https:\/\/primiciasclorinda.com\/?p=30540","title":{"rendered":"Espectacular inicio de la XX Fiesta Nacional de la Corvina de R\u00edo en Herradura"},"content":{"rendered":"<p style=\"text-align: justify;\">Un espectacular arranque tuvo este viernes 10 la XX edici\u00f3n de la Fiesta Nacional de la Corvina de R\u00edo, organizada por el gobierno provincial a trav\u00e9s del ministerio de Turismo y la Municipalidad de Herradura en esa villa tur\u00edstica, ubicada a 40 kil\u00f3metros de la Capital.<\/p>\n<p style=\"text-align: justify;\">La primera noche del festival- con acceso libre y gratuito- tuvo como protagonista a la cantante argentina Mar\u00eda Becerra, quien lleg\u00f3 a la provincia el jueves pasado y prob\u00f3 sonido en el escenario durante la siesta de este viernes, ante un buen marco de p\u00fablico que la esperaba desde temprano.<\/p>\n<p style=\"text-align: justify;\">\u201cLa Nena de Argentina\u201d comparti\u00f3 escenario con la banda de rock pop Airbag y con grandes artistas de la escena nacional e internacional, convocando a un masivo p\u00fablico que los acompa\u00f1\u00f3 coreando sus letras y bailando sus canciones en una noche inolvidable para este tradicional evento.<\/p>\n<p style=\"text-align: justify;\">El show<br \/>\nLa primera noche festivalera comenz\u00f3 pasadas las 20 horas ante un marco imponente de p\u00fablico, con la actuaci\u00f3n del Ballet Municipal, evento transmitido en vivo y en directo por la Red Formose\u00f1a de Medios de Comunicaci\u00f3n Audiovisual.<\/p>\n<p style=\"text-align: justify;\">A continuaci\u00f3n, subi\u00f3 al escenario ubicado en el predio ferial Merigildo Isacc \u00abMilico\u00bb Fleitas el D\u00fao Jazm\u00edn Paredes, aclamados por el p\u00fablico.<\/p>\n<p style=\"text-align: justify;\">Uno de los artistas m\u00e1s aplaudidos de la noche, fue sin dudas el popular Antonio Tarrag\u00f3 Ros correntino de alma, reconocido por su m\u00fasica y por la ejecuci\u00f3n de su instrumento, el acorde\u00f3n, con el que deleita a todos con chamam\u00e9 y m\u00fasica litorale\u00f1a.<\/p>\n<p style=\"text-align: justify;\">M\u00e1s de 50 a\u00f1os de trayectoria lo convierten en una de las personalidades m\u00e1s reconocidas del folklore argentino. Su carrera art\u00edstica le ha valido innumerables premios nacionales e internacionales, en esta oportunidad su presentaci\u00f3n estuvo dedicada a su padre, en el centenario de su nacimiento.<\/p>\n<p style=\"text-align: justify;\">Adem\u00e1s se destacaron el cantante chamamecero Mario Bofill y su hijo Fernando \u201cChingoli\u201d Bofill, con un recorrido por sus mejores y m\u00e1s conocidos temas musicales.<\/p>\n<p>Fuente: Agenfor Noticias<\/p>\n","protected":false},"excerpt":{"rendered":"<div class=\"mh-excerpt\"><p>Un espectacular arranque tuvo este viernes 10 la XX edici\u00f3n de la Fiesta Nacional de la Corvina de R\u00edo, organizada por el gobierno provincial a <a class=\"mh-excerpt-more\" href=\"https:\/\/primiciasclorinda.com\/?p=30540\" title=\"Espectacular inicio de la XX Fiesta Nacional de la Corvina de R\u00edo en Herradura\">[&#8230;]<\/a><\/p>\n<\/div>","protected":false},"author":3,"featured_media":30541,"comment_status":"open","ping_status":"open","sticky":false,"template":"","format":"standard","meta":{"footnotes":""},"categories":[4],"tags":[4101,23,639,4100],"class_list":["post-30540","post","type-post","status-publish","format-standard","has-post-thumbnail","hentry","category-informacion-general","tag-corvina","tag-formosa","tag-herradura","tag-maria-becerra"],"_links":{"self":[{"href":"https:\/\/primiciasclorinda.com\/index.php?rest_route=\/wp\/v2\/posts\/30540","targetHints":{"allow":["GET"]}}],"collection":[{"href":"https:\/\/primiciasclorinda.com\/index.php?rest_route=\/wp\/v2\/posts"}],"about":[{"href":"https:\/\/primiciasclorinda.com\/index.php?rest_route=\/wp\/v2\/types\/post"}],"author":[{"embeddable":true,"href":"https:\/\/primiciasclorinda.com\/index.php?rest_route=\/wp\/v2\/users\/3"}],"replies":[{"embeddable":true,"href":"https:\/\/primiciasclorinda.com\/index.php?rest_route=%2Fwp%2Fv2%2Fcomments&post=30540"}],"version-history":[{"count":1,"href":"https:\/\/primiciasclorinda.com\/index.php?rest_route=\/wp\/v2\/posts\/30540\/revisions"}],"predecessor-version":[{"id":30542,"href":"https:\/\/primiciasclorinda.com\/index.php?rest_route=\/wp\/v2\/posts\/30540\/revisions\/30542"}],"wp:featuredmedia":[{"embeddable":true,"href":"https:\/\/primiciasclorinda.com\/index.php?rest_route=\/wp\/v2\/media\/30541"}],"wp:attachment":[{"href":"https:\/\/primiciasclorinda.com\/index.php?rest_route=%2Fwp%2Fv2%2Fmedia&parent=30540"}],"wp:term":[{"taxonomy":"category","embeddable":true,"href":"https:\/\/primiciasclorinda.com\/index.php?rest_route=%2Fwp%2Fv2%2Fcategories&post=30540"},{"taxonomy":"post_tag","embeddable":true,"href":"https:\/\/primiciasclorinda.com\/index.php?rest_route=%2Fwp%2Fv2%2Ftags&post=30540"}],"curies":[{"name":"wp","href":"https:\/\/api.w.org\/{rel}","templated":true}]}}