{"id":30516,"date":"2023-02-10T07:35:05","date_gmt":"2023-02-10T10:35:05","guid":{"rendered":"http:\/\/primiciasclorinda.com\/?p=30516"},"modified":"2023-02-10T07:35:05","modified_gmt":"2023-02-10T10:35:05","slug":"clorinda-la-policia-detiene-a-sujeto-en-el-barrio-25-de-mayo-y-recupera-bienes-denunciados-como-sustraidos","status":"publish","type":"post","link":"https:\/\/primiciasclorinda.com\/?p=30516","title":{"rendered":"Clorinda: la polic\u00eda detiene a sujeto en el barrio 25 de Mayo y recupera bienes denunciados como sustraidos"},"content":{"rendered":"<p style=\"text-align: justify;\">La Unidad Regional N\u00b0 3 inform\u00f3 que, durante la ma\u00f1ana del jueves, vecinos del Barrio 25 de Mayo de la ciudad de Clorinda se acercaron hasta la Comisaria Oficial Subinspector Idelfonso Vera (COSIV) donde fueron recibidos por su titular, el Crio. Nelson Fari\u00f1a, quien escuch\u00f3 detenidamente los planteamientos y problem\u00e1ticas del sector del barrio donde residen, cuadricula ubicada entre las calles Paraguay y Neuqu\u00e9n, entre Chile y Brasil, asentamiento de construcciones precarias, con escaso alumbrado p\u00fablico, caminos en mal estado, pr\u00f3ximo a zona del esteral.<\/p>\n<p style=\"text-align: justify;\">Estas personas coincidieron en reclamar por el comportamiento agresivo y poco civilizado de varios masculinos que son sus vecinos y solicitaron la colaboraci\u00f3n de la fuerza para ordenar el lugar.<br \/>\nEn el mismo contexto del planteamiento recibido por el Oficial Jefe, que comprometi\u00f3 los recursos policiales disponibles para continuar respondiendo a la problem\u00e1tica de los vecinos; d\u00edas pasados, diferentes comisiones policiales operaron en ese sector del barrio procediendo a la detenci\u00f3n de uno de los sujetos agresivos apodado PIPA , mayor de edad, que hab\u00eda sustra\u00eddo un equipo de m\u00fasica a un vecino y amenazado con arma blanca a otro.<\/p>\n<p style=\"text-align: justify;\">El sujeto permanece detenido a disposici\u00f3n de la magistratura interviniente. El Comando Regional Tres ejecutar\u00e1 los operativos pertinentes en el sector a fin de identificar a los dem\u00e1s sujetos y ponerlos a disposici\u00f3n de la justicia si corresponde.<\/p>\n","protected":false},"excerpt":{"rendered":"<div class=\"mh-excerpt\"><p>La Unidad Regional N\u00b0 3 inform\u00f3 que, durante la ma\u00f1ana del jueves, vecinos del Barrio 25 de Mayo de la ciudad de Clorinda se acercaron <a class=\"mh-excerpt-more\" href=\"https:\/\/primiciasclorinda.com\/?p=30516\" title=\"Clorinda: la polic\u00eda detiene a sujeto en el barrio 25 de Mayo y recupera bienes denunciados como sustraidos\">[&#8230;]<\/a><\/p>\n<\/div>","protected":false},"author":3,"featured_media":30517,"comment_status":"open","ping_status":"open","sticky":false,"template":"","format":"standard","meta":{"footnotes":""},"categories":[4],"tags":[496,26,229],"class_list":["post-30516","post","type-post","status-publish","format-standard","has-post-thumbnail","hentry","category-informacion-general","tag-25-de-mayo","tag-clorinda","tag-ur3"],"_links":{"self":[{"href":"https:\/\/primiciasclorinda.com\/index.php?rest_route=\/wp\/v2\/posts\/30516","targetHints":{"allow":["GET"]}}],"collection":[{"href":"https:\/\/primiciasclorinda.com\/index.php?rest_route=\/wp\/v2\/posts"}],"about":[{"href":"https:\/\/primiciasclorinda.com\/index.php?rest_route=\/wp\/v2\/types\/post"}],"author":[{"embeddable":true,"href":"https:\/\/primiciasclorinda.com\/index.php?rest_route=\/wp\/v2\/users\/3"}],"replies":[{"embeddable":true,"href":"https:\/\/primiciasclorinda.com\/index.php?rest_route=%2Fwp%2Fv2%2Fcomments&post=30516"}],"version-history":[{"count":1,"href":"https:\/\/primiciasclorinda.com\/index.php?rest_route=\/wp\/v2\/posts\/30516\/revisions"}],"predecessor-version":[{"id":30518,"href":"https:\/\/primiciasclorinda.com\/index.php?rest_route=\/wp\/v2\/posts\/30516\/revisions\/30518"}],"wp:featuredmedia":[{"embeddable":true,"href":"https:\/\/primiciasclorinda.com\/index.php?rest_route=\/wp\/v2\/media\/30517"}],"wp:attachment":[{"href":"https:\/\/primiciasclorinda.com\/index.php?rest_route=%2Fwp%2Fv2%2Fmedia&parent=30516"}],"wp:term":[{"taxonomy":"category","embeddable":true,"href":"https:\/\/primiciasclorinda.com\/index.php?rest_route=%2Fwp%2Fv2%2Fcategories&post=30516"},{"taxonomy":"post_tag","embeddable":true,"href":"https:\/\/primiciasclorinda.com\/index.php?rest_route=%2Fwp%2Fv2%2Ftags&post=30516"}],"curies":[{"name":"wp","href":"https:\/\/api.w.org\/{rel}","templated":true}]}}