{"id":30394,"date":"2023-01-30T07:27:13","date_gmt":"2023-01-30T10:27:13","guid":{"rendered":"http:\/\/primiciasclorinda.com\/?p=30394"},"modified":"2023-01-30T07:27:13","modified_gmt":"2023-01-30T10:27:13","slug":"la-nueva-crisis-del-gobierno-condiciona-la-carrera-electoral-del-peronismo-y-aumenta-la-tension-entre-alberto-fernandez-y-cristina-kirchner","status":"publish","type":"post","link":"https:\/\/primiciasclorinda.com\/?p=30394","title":{"rendered":"La nueva crisis del Gobierno condiciona la carrera electoral del peronismo y aumenta la tensi\u00f3n entre Alberto Fern\u00e1ndez y Cristina Kirchner"},"content":{"rendered":"<p style=\"text-align: justify;\">El Presidente analiza c\u00f3mo afrontar el conflicto interno que se desat\u00f3 por el enojo de \u201cWado\u201d de Pedro. Hace dos meses que no se habla con la Vicepresidenta. Preocupaci\u00f3n en el oficialismo.<\/p>\n<p>El silencio se apoder\u00f3 nuevamente de la relaci\u00f3n entre Alberto Fern\u00e1ndez y Cristina Kirchner. Llevan dos meses sin hablarse. La \u00faltima vez que lo hicieron fue cuando la Vicepresidenta se enter\u00f3 que el Presidente hab\u00eda tenido una gastritis erosiva en medio del G20 que se estaba realizando en Bali, Indonesia. Un llamado a la distancia los uni\u00f3 por unos pocos minutos.<\/p>\n<p style=\"text-align: justify;\">La \u00faltima vez que se vieron personalmente fue algunas horas despu\u00e9s del intento de asesinato que sufri\u00f3 CFK. Fern\u00e1ndez la fue a ver a su departamento en el centro porte\u00f1o. Fue el 2 de septiembre. Pasaron cinco meses. Despu\u00e9s de aquel encuentro trascendente no se vieron m\u00e1s. As\u00ed est\u00e1 la c\u00fapula de poder peronista en el inicio del a\u00f1o electoral.<\/p>\n<p style=\"text-align: justify;\">En el calendario de encuentros obligados aparece la apertura de sesiones ordinarias del Congreso: 1 de marzo. El momento de las fotos con alto impacto pol\u00edtico. Si no hay tregua durante febrero, el primer d\u00eda del tercer mes del a\u00f1o ser\u00e1 el momento en el que se vean las caras. Mientras tanto seguir\u00e1 habiendo interlocutores. Aunque la \u00faltima crisis interna del Gobierno termin\u00f3 con uno de ellos. Cada vez hay menos.<\/p>\n<p style=\"text-align: justify;\">El enojo del ministro del Interior, Eduardo \u201cWado\u201d de Pedro abri\u00f3 una nueva etapa de la interna oficialista. El kirchnerismo sali\u00f3 en bloque a apoyar al dirigente camporista &#8211; que se enoj\u00f3 por haber quedado afuera de una reuni\u00f3n entre Fern\u00e1ndez, Lula da Silva y los organismos de Derechos Humanos &#8211; y dej\u00f3 a la luz la voluntad de confrontar con el Presidente y su c\u00edrculo chico de leales.<\/p>\n<p style=\"text-align: justify;\">Este lunes, a las 11 de la ma\u00f1ana, Fern\u00e1ndez encabezar\u00e1 un acto en uno de los municipios m\u00e1s kirchneristas de la provincia de Buenos Aires. Anunciar\u00e1 nuevas obras en la Central T\u00e9rmica de Ensenada, donde gobierna el ultrakirchnerista Mario Secco, uno de los pocos que a\u00fan siguen pidiendo que CFK reflexione y compita en las elecciones de este a\u00f1o.<\/p>\n<p style=\"text-align: justify;\">El Jefe de Estado estar\u00e1 acompa\u00f1ado por la ministra de Desarrollo Social, Victoria Tolosa Paz. La misma que durante el fin de semana le pregunt\u00f3 en p\u00fablico a De Pedro a ver si estaba adentro o afuera del gobierno nacional. Ser\u00e1 el primer acto que el Jefe de Estado protagonice despu\u00e9s de que estall\u00f3 la interna palaciega.<\/p>\n<p style=\"text-align: justify;\">\u00bfBajar\u00e1 el tono del conflicto o redoblar\u00e1 la apuesta frente a las cr\u00edticas del kirchnerismo? La pregunta se la hacen en distintas oficinas peronistas, donde hay cierto temor por el resultado final de la nueva crisis interna. El Gobierno ingres\u00f3 en el a\u00f1o electoral y el margen de acci\u00f3n para manejar el impacto de las diferencias en el resultado electoral es cada vez m\u00e1s chico.<\/p>\n<p style=\"text-align: justify;\">Fern\u00e1ndez est\u00e1 disgustado con el kirchnerismo y viceversa. Ayer M\u00e1ximo Kirchner dej\u00f3 una frase grabada en el escenario pol\u00edtico. \u201cCristina nunca maltrat\u00f3 a Alberto, lo trat\u00f3 entre algodones\u201d, sostuvo.<\/p>\n<p style=\"text-align: justify;\">Puertas adentro de la Casa Rosada no tienen dudas que todo el arco K, con el aval de la Vicepresidenta, apunt\u00f3 sin piedad contra el Presidente. En el kirchnerismo no hay sat\u00e9lites sueltos. No existen. Es una organizaci\u00f3n pol\u00edtica completamente vertical y org\u00e1nica.<\/p>\n<p style=\"text-align: justify;\">Ese poder de organizaci\u00f3n se ver\u00e1 con nitidez en un mes y medio. El 24 de marzo el ala K del Frente de Todos est\u00e1 organizando una movilizaci\u00f3n masiva. El D\u00eda de la Memoria es una fecha clave en el calendario kirchnerismo. En el peronismo se especula con que en esta oportunidad tenga una fuerte connotaci\u00f3n pol\u00edtica que pueda influir en el relato electoral.<\/p>\n<p style=\"text-align: justify;\">En paralelo, el 24 y 25 de marzo Alberto Fern\u00e1ndez fue invitado a la Cumbre Iberoamericana que se realizar\u00e1 en Rep\u00fablica Dominicana. El Presidente le anticip\u00f3 a los organizaciones que la fecha es complicada pero prometi\u00f3 evaluar la posibilidad de realizar el viaje. Si decide subirse al avi\u00f3n, no estar\u00e1 presente en esa fecha clave que podr\u00eda generar un punto de inflexi\u00f3n en la vida interna del gobierno nacional.<\/p>\n<p style=\"text-align: justify;\">La novela de enredos del Gobierno seguir\u00e1 esta semana. El nivel de tensi\u00f3n est\u00e1 bien alto, por lo que ser\u00eda normal que en las pr\u00f3ximas horas aparezcan m\u00e1s voces vinculadas a Fern\u00e1ndez y De Pedro subiendo el tono de la debate. Esa discusi\u00f3n interna preocupa dentro del peronismo porque altera la gesti\u00f3n, condiciona el armado electoral y genera una proyecci\u00f3n negativa sobre la unidad del Frente de Todos.<\/p>\n<p style=\"text-align: justify;\">En las puertas de febrero y con tres meses por delante, donde la organizaci\u00f3n interna del peronismo ser\u00e1 clave para que el espacio llegue competitivo a los pr\u00f3ximos comicios, la nueva interna del Gobierno eleva la incertidumbre y rompe el d\u00eda a d\u00eda de anuncios que ejecuta Fern\u00e1ndez.<\/p>\n<p style=\"text-align: justify;\">La pregunta que surge hacia dentro del esquema pol\u00edtico es si los mensajes que el ala K le est\u00e1 mandando al Presidente son para que desactive su plan de relecci\u00f3n o para mostrarle, a la luz del sol, que las diferencias sobre c\u00f3mo llevar adelante el gobierno no solo existen, sino que se agrandaron.<\/p>\n<p style=\"text-align: justify;\">Fuente: Infobae.com<\/p>\n","protected":false},"excerpt":{"rendered":"<div class=\"mh-excerpt\"><p>El Presidente analiza c\u00f3mo afrontar el conflicto interno que se desat\u00f3 por el enojo de \u201cWado\u201d de Pedro. Hace dos meses que no se habla <a class=\"mh-excerpt-more\" href=\"https:\/\/primiciasclorinda.com\/?p=30394\" title=\"La nueva crisis del Gobierno condiciona la carrera electoral del peronismo y aumenta la tensi\u00f3n entre Alberto Fern\u00e1ndez y Cristina Kirchner\">[&#8230;]<\/a><\/p>\n<\/div>","protected":false},"author":3,"featured_media":30395,"comment_status":"open","ping_status":"open","sticky":false,"template":"","format":"standard","meta":{"footnotes":""},"categories":[3],"tags":[2467],"class_list":["post-30394","post","type-post","status-publish","format-standard","has-post-thumbnail","hentry","category-politica-economia","tag-alberto-fernandez"],"_links":{"self":[{"href":"https:\/\/primiciasclorinda.com\/index.php?rest_route=\/wp\/v2\/posts\/30394","targetHints":{"allow":["GET"]}}],"collection":[{"href":"https:\/\/primiciasclorinda.com\/index.php?rest_route=\/wp\/v2\/posts"}],"about":[{"href":"https:\/\/primiciasclorinda.com\/index.php?rest_route=\/wp\/v2\/types\/post"}],"author":[{"embeddable":true,"href":"https:\/\/primiciasclorinda.com\/index.php?rest_route=\/wp\/v2\/users\/3"}],"replies":[{"embeddable":true,"href":"https:\/\/primiciasclorinda.com\/index.php?rest_route=%2Fwp%2Fv2%2Fcomments&post=30394"}],"version-history":[{"count":1,"href":"https:\/\/primiciasclorinda.com\/index.php?rest_route=\/wp\/v2\/posts\/30394\/revisions"}],"predecessor-version":[{"id":30396,"href":"https:\/\/primiciasclorinda.com\/index.php?rest_route=\/wp\/v2\/posts\/30394\/revisions\/30396"}],"wp:featuredmedia":[{"embeddable":true,"href":"https:\/\/primiciasclorinda.com\/index.php?rest_route=\/wp\/v2\/media\/30395"}],"wp:attachment":[{"href":"https:\/\/primiciasclorinda.com\/index.php?rest_route=%2Fwp%2Fv2%2Fmedia&parent=30394"}],"wp:term":[{"taxonomy":"category","embeddable":true,"href":"https:\/\/primiciasclorinda.com\/index.php?rest_route=%2Fwp%2Fv2%2Fcategories&post=30394"},{"taxonomy":"post_tag","embeddable":true,"href":"https:\/\/primiciasclorinda.com\/index.php?rest_route=%2Fwp%2Fv2%2Ftags&post=30394"}],"curies":[{"name":"wp","href":"https:\/\/api.w.org\/{rel}","templated":true}]}}