{"id":30346,"date":"2023-01-27T16:35:30","date_gmt":"2023-01-27T19:35:30","guid":{"rendered":"http:\/\/primiciasclorinda.com\/?p=30346"},"modified":"2023-01-27T16:35:30","modified_gmt":"2023-01-27T19:35:30","slug":"gildo-insfran-nos-estan-pidiendo-milagros-ahora-me-piden-que-haga-llover-y-yo-no-puedo-hacer-llover","status":"publish","type":"post","link":"https:\/\/primiciasclorinda.com\/?p=30346","title":{"rendered":"Gildo Insfr\u00e1n: \u201cNos est\u00e1n pidiendo milagros, ahora me piden que haga llover y yo no puedo hacer llover\u201d"},"content":{"rendered":"<p style=\"text-align: justify;\">En el marco de la inauguraci\u00f3n del camping \u201c17 de Octubre\u201d del Uni\u00f3n del Personal Civil de la Naci\u00f3n (UPCN) seccional Formosa, que se llev\u00f3 a cabo este viernes 27 en horas del mediod\u00eda, el primer mandatario provincial, Gildo Insfr\u00e1n, expres\u00f3 su alegr\u00eda por la infraestructura en beneficio de los trabajadores y se refiri\u00f3 a la estrategia de \u201codio\u201d de la oposici\u00f3n.<\/p>\n<p style=\"text-align: justify;\">Asimismo, el primer mandatario destac\u00f3 los espacios construidos en el predio, como el SUM, las piletas, las canchas de futbol y basquet, instalaciones sanitarias, entre otras, haciendo hincapi\u00e9 en la importancia de este lugar con fines recreativos y sociales del que podr\u00e1n disfrutar los afiliados de UPCN.<\/p>\n<p style=\"text-align: justify;\">En esa l\u00ednea, remarc\u00f3 que \u201cnosotros pensamos que las cosas hay que hacerlas bien\u201d, afirmando que es \u201cun lugar seguro y digno para que las familias puedan desarrollar sus actividades\u201d.<\/p>\n<p style=\"text-align: justify;\">Asimismo, indic\u00f3 que \u201ctambi\u00e9n vamos a poner en condiciones el camping de UPCN ubicado en la localidad de Herradura\u201d.<\/p>\n<p style=\"text-align: justify;\">Record\u00f3 que \u201cfueron momentos dif\u00edciles cuando iniciamos (la obra), pero con la adversidad no se pacta, porque hay que vencerla\u201d, dijo contundente, a\u00f1adiendo que \u201csi hubiera sido por los medios de comunicaci\u00f3n porte\u00f1os y los que lo siguen desde ac\u00e1, nosotros no hubi\u00e9ramos existido\u201d.<\/p>\n<p style=\"text-align: justify;\">Sin milagros<\/p>\n<p style=\"text-align: justify;\">De esa manera, Insfr\u00e1n refut\u00f3 la estrategia aplicada por la oposici\u00f3n utilizando la situaci\u00f3n de escasez h\u00eddrica en la zona centro-oeste de la provincia, expresando que \u201cnos est\u00e1n pidiendo milagros, ahora me piden que haga llover y yo no puedo hacer llover\u201d.<\/p>\n<p style=\"text-align: justify;\">El primer mandatario explic\u00f3 que la actual situaci\u00f3n obedece al fen\u00f3meno natural \u201cLa Ni\u00f1a\u201d, que est\u00e1 azotando a gran parte de la Argentina y otros pa\u00edses de Sudam\u00e9rica.<\/p>\n<p style=\"text-align: justify;\">Por ello, remarc\u00f3 que el gobierno provincial est\u00e1 trabajando arduamente para paliar la problem\u00e1tica, en coordinaci\u00f3n con las intendencias y la comunidad, afirmando que \u201cgracias a Dios podemos seguir cumpliendo con ese servicio tan importante del suministrar el agua\u201d.<\/p>\n<p style=\"text-align: justify;\">En este punto, apunt\u00f3 a la oposici\u00f3n al se\u00f1alar que buscan aprovechar el contexto de sequ\u00eda y \u201ctratan de utilizar cualquier cosa para ver si se instalan\u201d.<\/p>\n<p style=\"text-align: justify;\">Sostuvo que \u201cellos entienden que la pol\u00edtica se construye desde el odio\u201d, sin embargo \u201cnosotros le damos otro sentido, el de vocaci\u00f3n de servicio y desde el amor, para que las cosas que hagan bien\u201d.<\/p>\n<p style=\"text-align: justify;\">\u201cTodos los d\u00edas dicen cosas malas de cualquier cosa\u201d consider\u00f3 y mencion\u00f3 la visita del senador opositor y la senadora porte\u00f1a por la UCR al oeste formose\u00f1o, coment\u00f3 que \u201cvienen una hora, recorren la provincia, despu\u00e9s se convierten en conocedores de Formosa y nos empiezan a criticar\u201d.<\/p>\n<p style=\"text-align: justify;\">En ese mismo sentido record\u00f3 \u201cque Formosa es una provincia de apenas 67 a\u00f1os y les molesta que nosotros estemos gobernando esta provincia hace 27 a\u00f1os\u201d.<\/p>\n<p style=\"text-align: justify;\">De esa manera, finaliz\u00f3 contundente \u201cojal\u00e1 podamos tener 27 a\u00f1os m\u00e1s de gobierno para la Formosa que todos deseamos construir\u201d.<\/p>\n","protected":false},"excerpt":{"rendered":"<div class=\"mh-excerpt\"><p>En el marco de la inauguraci\u00f3n del camping \u201c17 de Octubre\u201d del Uni\u00f3n del Personal Civil de la Naci\u00f3n (UPCN) seccional Formosa, que se llev\u00f3 <a class=\"mh-excerpt-more\" href=\"https:\/\/primiciasclorinda.com\/?p=30346\" title=\"Gildo Insfr\u00e1n: \u201cNos est\u00e1n pidiendo milagros, ahora me piden que haga llover y yo no puedo hacer llover\u201d\">[&#8230;]<\/a><\/p>\n<\/div>","protected":false},"author":3,"featured_media":30347,"comment_status":"open","ping_status":"open","sticky":false,"template":"","format":"standard","meta":{"footnotes":""},"categories":[4,3],"tags":[18,100],"class_list":["post-30346","post","type-post","status-publish","format-standard","has-post-thumbnail","hentry","category-informacion-general","category-politica-economia","tag-gildo-insfran","tag-upcn"],"_links":{"self":[{"href":"https:\/\/primiciasclorinda.com\/index.php?rest_route=\/wp\/v2\/posts\/30346","targetHints":{"allow":["GET"]}}],"collection":[{"href":"https:\/\/primiciasclorinda.com\/index.php?rest_route=\/wp\/v2\/posts"}],"about":[{"href":"https:\/\/primiciasclorinda.com\/index.php?rest_route=\/wp\/v2\/types\/post"}],"author":[{"embeddable":true,"href":"https:\/\/primiciasclorinda.com\/index.php?rest_route=\/wp\/v2\/users\/3"}],"replies":[{"embeddable":true,"href":"https:\/\/primiciasclorinda.com\/index.php?rest_route=%2Fwp%2Fv2%2Fcomments&post=30346"}],"version-history":[{"count":1,"href":"https:\/\/primiciasclorinda.com\/index.php?rest_route=\/wp\/v2\/posts\/30346\/revisions"}],"predecessor-version":[{"id":30348,"href":"https:\/\/primiciasclorinda.com\/index.php?rest_route=\/wp\/v2\/posts\/30346\/revisions\/30348"}],"wp:featuredmedia":[{"embeddable":true,"href":"https:\/\/primiciasclorinda.com\/index.php?rest_route=\/wp\/v2\/media\/30347"}],"wp:attachment":[{"href":"https:\/\/primiciasclorinda.com\/index.php?rest_route=%2Fwp%2Fv2%2Fmedia&parent=30346"}],"wp:term":[{"taxonomy":"category","embeddable":true,"href":"https:\/\/primiciasclorinda.com\/index.php?rest_route=%2Fwp%2Fv2%2Fcategories&post=30346"},{"taxonomy":"post_tag","embeddable":true,"href":"https:\/\/primiciasclorinda.com\/index.php?rest_route=%2Fwp%2Fv2%2Ftags&post=30346"}],"curies":[{"name":"wp","href":"https:\/\/api.w.org\/{rel}","templated":true}]}}