{"id":29635,"date":"2022-11-04T10:29:32","date_gmt":"2022-11-04T13:29:32","guid":{"rendered":"http:\/\/primiciasclorinda.com\/?p=29635"},"modified":"2022-11-04T10:29:32","modified_gmt":"2022-11-04T13:29:32","slug":"el-gobernador-anuncio-la-aplicacion-de-la-quinta-dosis-de-la-vacuna-contra-el-covid-19","status":"publish","type":"post","link":"https:\/\/primiciasclorinda.com\/?p=29635","title":{"rendered":"El Gobernador anunci\u00f3 la aplicaci\u00f3n de la quinta dosis de la vacuna contra el COVID-19"},"content":{"rendered":"<p style=\"text-align: justify;\">El gobernador Gildo Insfr\u00e1n anunci\u00f3 que se avanzar\u00e1 en el tercer refuerzo o quinta dosis de la vacuna, dando continuidad al plan estrat\u00e9gico de vacunaci\u00f3n contra el COVID-19, habiendo transcurrido el tiempo recomendado entre dosis.<\/p>\n<p style=\"text-align: justify;\">El prop\u00f3sito es reforzar la protecci\u00f3n de la poblaci\u00f3n de riesgo, remarc\u00f3 el primer mandatario.<\/p>\n<p style=\"text-align: justify;\">De este modo, se incluir\u00e1 en esta inmunizaci\u00f3n a la siguiente poblaci\u00f3n objetivo: personas mayores de 50 a\u00f1os, de 18 a\u00f1os o m\u00e1s con condiciones de riesgo, con inmunocompromiso mayores de 12 a\u00f1os, personal de salud independientemente de la edad y personal estrat\u00e9gico.<\/p>\n<p style=\"text-align: justify;\">Y tambi\u00e9n quienes residan o trabajen en instituciones cerradas o de internaci\u00f3n prolongada (residencia de adultos mayores y unidades carcelarias o penitenciarias).<\/p>\n<p style=\"text-align: justify;\">Cabe se\u00f1alar que este tercer refuerzo se puede administrar a partir de los 120 d\u00edas despu\u00e9s de la \u00faltima dosis aplicada.<\/p>\n<p style=\"text-align: justify;\">Para finalizar, el gobernador Insfr\u00e1n enfatiz\u00f3: \u201cLas vacunas contin\u00faan siendo la acci\u00f3n de prevenci\u00f3n m\u00e1s activa para cuidar la salud frente al virus y evitar desarrollar cuadros graves de COVID-19\u201d.<\/p>\n","protected":false},"excerpt":{"rendered":"<div class=\"mh-excerpt\"><p>El gobernador Gildo Insfr\u00e1n anunci\u00f3 que se avanzar\u00e1 en el tercer refuerzo o quinta dosis de la vacuna, dando continuidad al plan estrat\u00e9gico de vacunaci\u00f3n <a class=\"mh-excerpt-more\" href=\"https:\/\/primiciasclorinda.com\/?p=29635\" title=\"El Gobernador anunci\u00f3 la aplicaci\u00f3n de la quinta dosis de la vacuna contra el COVID-19\">[&#8230;]<\/a><\/p>\n<\/div>","protected":false},"author":3,"featured_media":29636,"comment_status":"open","ping_status":"open","sticky":false,"template":"","format":"standard","meta":{"footnotes":""},"categories":[4,3],"tags":[3023,23],"class_list":["post-29635","post","type-post","status-publish","format-standard","has-post-thumbnail","hentry","category-informacion-general","category-politica-economia","tag-covid19","tag-formosa"],"_links":{"self":[{"href":"https:\/\/primiciasclorinda.com\/index.php?rest_route=\/wp\/v2\/posts\/29635","targetHints":{"allow":["GET"]}}],"collection":[{"href":"https:\/\/primiciasclorinda.com\/index.php?rest_route=\/wp\/v2\/posts"}],"about":[{"href":"https:\/\/primiciasclorinda.com\/index.php?rest_route=\/wp\/v2\/types\/post"}],"author":[{"embeddable":true,"href":"https:\/\/primiciasclorinda.com\/index.php?rest_route=\/wp\/v2\/users\/3"}],"replies":[{"embeddable":true,"href":"https:\/\/primiciasclorinda.com\/index.php?rest_route=%2Fwp%2Fv2%2Fcomments&post=29635"}],"version-history":[{"count":1,"href":"https:\/\/primiciasclorinda.com\/index.php?rest_route=\/wp\/v2\/posts\/29635\/revisions"}],"predecessor-version":[{"id":29637,"href":"https:\/\/primiciasclorinda.com\/index.php?rest_route=\/wp\/v2\/posts\/29635\/revisions\/29637"}],"wp:featuredmedia":[{"embeddable":true,"href":"https:\/\/primiciasclorinda.com\/index.php?rest_route=\/wp\/v2\/media\/29636"}],"wp:attachment":[{"href":"https:\/\/primiciasclorinda.com\/index.php?rest_route=%2Fwp%2Fv2%2Fmedia&parent=29635"}],"wp:term":[{"taxonomy":"category","embeddable":true,"href":"https:\/\/primiciasclorinda.com\/index.php?rest_route=%2Fwp%2Fv2%2Fcategories&post=29635"},{"taxonomy":"post_tag","embeddable":true,"href":"https:\/\/primiciasclorinda.com\/index.php?rest_route=%2Fwp%2Fv2%2Ftags&post=29635"}],"curies":[{"name":"wp","href":"https:\/\/api.w.org\/{rel}","templated":true}]}}