{"id":29374,"date":"2022-09-19T08:09:40","date_gmt":"2022-09-19T11:09:40","guid":{"rendered":"http:\/\/primiciasclorinda.com\/?p=29374"},"modified":"2022-09-19T08:09:40","modified_gmt":"2022-09-19T11:09:40","slug":"el-presidente-se-reune-con-georgieva-y-prepara-el-discurso-que-dara-ante-la-onu","status":"publish","type":"post","link":"https:\/\/primiciasclorinda.com\/?p=29374","title":{"rendered":"El Presidente se re\u00fane con Georgieva y prepara el discurso que dar\u00e1 ante la ONU"},"content":{"rendered":"<p style=\"text-align: justify;\">El encuentro se dar\u00e1 en el marco del viaje del mandatario Alberto Fern\u00e1ndez a los Estados Unidos para participar por primera vez de forma presencial de la cumbre de la ONU, debido a que en los dos a\u00f1os anteriores tuvo que hacerlo de manera virtual a ra\u00edz de las restricciones impuestas por la pandemia de coronavirus.<\/p>\n<p style=\"text-align: justify;\">El presidente Alberto Fern\u00e1ndez, quien arrib\u00f3 este domingo a los Estados Unidos para participar de la 77\u00b0 Asamblea General de la Organizaci\u00f3n de las Naciones Unidas (ONU), se reunir\u00e1 este lunes con la directora gerente del FMI, Kristalina Georgieva, mientras prepara el discurso que pronunciar\u00e1 el martes en el plenario de pa\u00edses que se celebra en Nueva York.<\/p>\n<p style=\"text-align: justify;\">Ni bien pis\u00f3 suelo estadounidense, alrededor de las 9.30 hora local (las 8.30 de Argentina), el mandatario se traslad\u00f3 al hotel Park Hyatt de Manhattan para pulir el mensaje del martes, y que incluir\u00e1 un llamado a la paz en Ucrania y un repudio al atentado sufrido a principios de este mes por la vicepresidenta Cristina Fern\u00e1ndez.<\/p>\n<p style=\"text-align: justify;\">En esa tarea lo asist\u00eda el canciller Santiago Cafiero, junto a quien Fern\u00e1ndez defin\u00eda los t\u00e9rminos del discurso que brindar\u00e1 el martes ante el concierto de las naciones, seg\u00fan pudo saber T\u00e9lam de fuentes oficiales.<\/p>\n<p style=\"text-align: justify;\">Pero antes de la asistencia a la ONU, el Presidente se reunir\u00e1 este lunes a las 11.30 (hora local) en el consulado argentino en Nueva York con la directora del Fondo Monetario Internacional, Kristalina Georgieva, con quien no mantiene una cita personal desde hace poco menos de un a\u00f1o, cuando ambos tuvieron un encuentro en octubre pasado durante la cumbre del G20 en Roma.<\/p>\n<p style=\"text-align: justify;\">El encuentro con Georgieva se producir\u00e1 luego de que el vocero del FMI, Gerry Rice, ratificara la semana pasada que \u00aben los pr\u00f3ximos d\u00edas\u00bb se dar\u00e1 a conocer la evaluaci\u00f3n t\u00e9cnica del organismo de la segunda revisi\u00f3n del acuerdo con la Argentina.<\/p>\n<p style=\"text-align: justify;\">La expectativa de todas maneras es buena en ambos actores a partir de la reuni\u00f3n que el ministro de Econom\u00eda, Sergio Massa, mantuvo el lunes \u00faltimo en Washington con Georgieva.<\/p>\n<p style=\"text-align: justify;\">Justamente, tras ese encuentro Georgieva indic\u00f3 que \u00abes una buena se\u00f1al de que todo el Gobierno est\u00e1 enfocado en implementar el programa\u00bb acordado con el FMI para refinanciar la deuda contra\u00edda por la administraci\u00f3n de Mauricio Macri.<\/p>\n<p style=\"text-align: justify;\">Tambi\u00e9n se\u00f1al\u00f3 que Massa \u00abreconoci\u00f3, y yo tambi\u00e9n, con seriedad, que los problemas que enfrenta la Argentina son muy significativos\u00bb.<\/p>\n<p style=\"text-align: justify;\">Fern\u00e1ndez lleg\u00f3 este domingo a Estados Unidos para participar por primera vez de forma presencial de la cumbre de la ONU, debido a que en los dos a\u00f1os anteriores tuvo que hacerlo de manera virtual a ra\u00edz de las restricciones impuestas por la pandemia de coronavirus.<\/p>\n","protected":false},"excerpt":{"rendered":"<div class=\"mh-excerpt\"><p>El encuentro se dar\u00e1 en el marco del viaje del mandatario Alberto Fern\u00e1ndez a los Estados Unidos para participar por primera vez de forma presencial <a class=\"mh-excerpt-more\" href=\"https:\/\/primiciasclorinda.com\/?p=29374\" title=\"El Presidente se re\u00fane con Georgieva y prepara el discurso que dar\u00e1 ante la ONU\">[&#8230;]<\/a><\/p>\n<\/div>","protected":false},"author":3,"featured_media":29375,"comment_status":"open","ping_status":"open","sticky":false,"template":"","format":"standard","meta":{"footnotes":""},"categories":[3],"tags":[2467,1076],"class_list":["post-29374","post","type-post","status-publish","format-standard","has-post-thumbnail","hentry","category-politica-economia","tag-alberto-fernandez","tag-onu"],"_links":{"self":[{"href":"https:\/\/primiciasclorinda.com\/index.php?rest_route=\/wp\/v2\/posts\/29374","targetHints":{"allow":["GET"]}}],"collection":[{"href":"https:\/\/primiciasclorinda.com\/index.php?rest_route=\/wp\/v2\/posts"}],"about":[{"href":"https:\/\/primiciasclorinda.com\/index.php?rest_route=\/wp\/v2\/types\/post"}],"author":[{"embeddable":true,"href":"https:\/\/primiciasclorinda.com\/index.php?rest_route=\/wp\/v2\/users\/3"}],"replies":[{"embeddable":true,"href":"https:\/\/primiciasclorinda.com\/index.php?rest_route=%2Fwp%2Fv2%2Fcomments&post=29374"}],"version-history":[{"count":1,"href":"https:\/\/primiciasclorinda.com\/index.php?rest_route=\/wp\/v2\/posts\/29374\/revisions"}],"predecessor-version":[{"id":29376,"href":"https:\/\/primiciasclorinda.com\/index.php?rest_route=\/wp\/v2\/posts\/29374\/revisions\/29376"}],"wp:featuredmedia":[{"embeddable":true,"href":"https:\/\/primiciasclorinda.com\/index.php?rest_route=\/wp\/v2\/media\/29375"}],"wp:attachment":[{"href":"https:\/\/primiciasclorinda.com\/index.php?rest_route=%2Fwp%2Fv2%2Fmedia&parent=29374"}],"wp:term":[{"taxonomy":"category","embeddable":true,"href":"https:\/\/primiciasclorinda.com\/index.php?rest_route=%2Fwp%2Fv2%2Fcategories&post=29374"},{"taxonomy":"post_tag","embeddable":true,"href":"https:\/\/primiciasclorinda.com\/index.php?rest_route=%2Fwp%2Fv2%2Ftags&post=29374"}],"curies":[{"name":"wp","href":"https:\/\/api.w.org\/{rel}","templated":true}]}}