{"id":29294,"date":"2022-09-07T10:29:57","date_gmt":"2022-09-07T13:29:57","guid":{"rendered":"http:\/\/primiciasclorinda.com\/?p=29294"},"modified":"2022-09-07T10:29:57","modified_gmt":"2022-09-07T13:29:57","slug":"valoran-las-significativas-inversiones-del-gobierno-provincial-en-salud","status":"publish","type":"post","link":"https:\/\/primiciasclorinda.com\/?p=29294","title":{"rendered":"Valoran las significativas inversiones del Gobierno provincial en salud"},"content":{"rendered":"<p style=\"text-align: justify;\">La doctora Cristina Mirassou, subsecretaria de Gesti\u00f3n de Establecimientos Asistenciales de 1\u00b0 y 2\u00b0 Nivel, resalt\u00f3 las importantes inversiones que materializa el Gobierno provincial en el \u00e1rea de la salud, ya sea en hospitales y centros sanitarios, en todo el territorio formose\u00f1o.<\/p>\n<p style=\"text-align: justify;\">En declaraciones recogidas por AGENFOR, aludi\u00f3 a la inauguraci\u00f3n que encabez\u00f3 la semana pasada el gobernador Gildo Insfr\u00e1n en Ingeniero Ju\u00e1rez, donde dej\u00f3 habilitadas las obras del sector de emergencias SIPEC, consultorios y administraci\u00f3n del Hospital Distrital \u201cEva Per\u00f3n\u201d, con modernos equipamientos y todo lo necesario para robustecer el funcionamiento del efector p\u00fablico de referencia de la zona oeste.<\/p>\n<p style=\"text-align: justify;\">Es as\u00ed que gracias a los equipos de avanzada y la tecnolog\u00eda que tiene hoy el nosocomio, se concretaron con \u00e9xito las primeras 30 cirug\u00edas oftalmol\u00f3gicas.<\/p>\n<p style=\"text-align: justify;\">\n\u201cEs otro gran avance y respuesta porque ven\u00edamos con retraso con las cirug\u00edas de cataratas, hab\u00eda que hacerlas en la Capital, con todo lo que significaba el traslado de los pacientes del oeste\u201d, se\u00f1al\u00f3 la funcionaria, haciendo notar que \u201cfue una directiva del Gobernador a trav\u00e9s del ministro de Desarrollo Humano, el doctor An\u00edbal G\u00f3mez, de conseguir no s\u00f3lo la tecnolog\u00eda, sino tambi\u00e9n el recurso humano para implementar las especialidades y las subespecialidades en todo el interior\u201d.<\/p>\n<p style=\"text-align: justify;\">Explic\u00f3 en ese sentido que \u201chace muchos a\u00f1os que venimos haciendo un tipo de metodolog\u00eda, de estrategia, que son visitas programadas para acercar los servicios a la gente\u201d, marcando que \u201clos equipos de salud salen a las comunidades y localidades que son de su \u00e1rea program\u00e1tica, llevando vacunas, va el m\u00e9dico y atiende, el obstetra controla el embarazo, etc\u00e9tera\u201d.<\/p>\n<p style=\"text-align: justify;\">Ahora, \u201cestamos aplicando la misma metodolog\u00eda que con esas prestaciones b\u00e1sicas en m\u00e1s complejas, como por ejemplo la cirug\u00eda de cataratas\u201d.<\/p>\n<p style=\"text-align: justify;\">Del mismo modo, ponder\u00f3 \u201cla torre que se incorpor\u00f3 en el Hospital de Ju\u00e1rez para cirug\u00edas video-laparosc\u00f3picas, que es una t\u00e9cnica poco invasiva, que tiene menos complicaciones, menos d\u00edas de post operatorio, realmente es una tecnolog\u00eda de m\u00e1s avanzada que la cirug\u00eda convencional, ahora est\u00e1 disponible en esa localidad y se puede realizar\u201d.<\/p>\n<p style=\"text-align: justify;\">\u201cComo tambi\u00e9n est\u00e1 disponible en Las Lomitas y en otros hospitales distritales -realz\u00f3-. Se ha avanzado much\u00edsimo en el equipamiento y tambi\u00e9n con esta estrategia para conseguir el recurso humano que pueda utilizar esos aparatos en forma programada y dar estas prestaciones m\u00e1s cerca de donde vive la gente\u201d, culmin\u00f3.<\/p>\n","protected":false},"excerpt":{"rendered":"<div class=\"mh-excerpt\"><p>La doctora Cristina Mirassou, subsecretaria de Gesti\u00f3n de Establecimientos Asistenciales de 1\u00b0 y 2\u00b0 Nivel, resalt\u00f3 las importantes inversiones que materializa el Gobierno provincial en <a class=\"mh-excerpt-more\" href=\"https:\/\/primiciasclorinda.com\/?p=29294\" title=\"Valoran las significativas inversiones del Gobierno provincial en salud\">[&#8230;]<\/a><\/p>\n<\/div>","protected":false},"author":3,"featured_media":29295,"comment_status":"open","ping_status":"open","sticky":false,"template":"","format":"standard","meta":{"footnotes":""},"categories":[4,3],"tags":[58,35],"class_list":["post-29294","post","type-post","status-publish","format-standard","has-post-thumbnail","hentry","category-informacion-general","category-politica-economia","tag-gobierno-de-formosa","tag-salud-publica"],"_links":{"self":[{"href":"https:\/\/primiciasclorinda.com\/index.php?rest_route=\/wp\/v2\/posts\/29294","targetHints":{"allow":["GET"]}}],"collection":[{"href":"https:\/\/primiciasclorinda.com\/index.php?rest_route=\/wp\/v2\/posts"}],"about":[{"href":"https:\/\/primiciasclorinda.com\/index.php?rest_route=\/wp\/v2\/types\/post"}],"author":[{"embeddable":true,"href":"https:\/\/primiciasclorinda.com\/index.php?rest_route=\/wp\/v2\/users\/3"}],"replies":[{"embeddable":true,"href":"https:\/\/primiciasclorinda.com\/index.php?rest_route=%2Fwp%2Fv2%2Fcomments&post=29294"}],"version-history":[{"count":1,"href":"https:\/\/primiciasclorinda.com\/index.php?rest_route=\/wp\/v2\/posts\/29294\/revisions"}],"predecessor-version":[{"id":29296,"href":"https:\/\/primiciasclorinda.com\/index.php?rest_route=\/wp\/v2\/posts\/29294\/revisions\/29296"}],"wp:featuredmedia":[{"embeddable":true,"href":"https:\/\/primiciasclorinda.com\/index.php?rest_route=\/wp\/v2\/media\/29295"}],"wp:attachment":[{"href":"https:\/\/primiciasclorinda.com\/index.php?rest_route=%2Fwp%2Fv2%2Fmedia&parent=29294"}],"wp:term":[{"taxonomy":"category","embeddable":true,"href":"https:\/\/primiciasclorinda.com\/index.php?rest_route=%2Fwp%2Fv2%2Fcategories&post=29294"},{"taxonomy":"post_tag","embeddable":true,"href":"https:\/\/primiciasclorinda.com\/index.php?rest_route=%2Fwp%2Fv2%2Ftags&post=29294"}],"curies":[{"name":"wp","href":"https:\/\/api.w.org\/{rel}","templated":true}]}}