{"id":29262,"date":"2022-08-31T07:55:38","date_gmt":"2022-08-31T10:55:38","guid":{"rendered":"http:\/\/primiciasclorinda.com\/?p=29262"},"modified":"2022-08-31T07:55:38","modified_gmt":"2022-08-31T10:55:38","slug":"habra-un-refuerzo-de-20-000-para-hijos-e-hijas-de-los-trabajadores-con-menores-ingresos","status":"publish","type":"post","link":"https:\/\/primiciasclorinda.com\/?p=29262","title":{"rendered":"Habr\u00e1 un refuerzo de $20.000 para hijos e hijas de los trabajadores con menores ingresos"},"content":{"rendered":"<p style=\"text-align: justify;\">Con el refuerzo \u201cvamos a llegar a las casas de 1.100.000 trabajadores de la Argentina\u201d, asegur\u00f3 la directora de la Anses, Fernanda Raverta. Sergio Massa, por su parte, afirm\u00f3: \u00abNo queremos a ning\u00fan trabajador argentino debajo de la l\u00ednea de pobreza\u00bb.<\/p>\n<p style=\"text-align: justify;\">El ministro de Econom\u00eda, Sergio Massa, afirm\u00f3 que no quiere \u00aba ning\u00fan trabajador argentino debajo de la l\u00ednea de pobreza\u00bb, en el marco del anuncio del refuerzo de $20.000 para los hijos e hijas de los asalariados con menores ingresos, que abarca a alrededor de 1,1 mill\u00f3n de familias.<\/p>\n<p style=\"text-align: justify;\">Massa formul\u00f3 el anuncio junto a la directora ejecutiva de la Anses, Fernanda Raverta, durante un acto que se llev\u00f3 a cabo en el Centro de Servicios Metal\u00fargicos Ferrosider en la localidad bonaerense de Escobar.<\/p>\n<p style=\"text-align: justify;\">\u00abQuer\u00edamos dejar claro que no queremos a ning\u00fan trabajador argentino debajo de la l\u00ednea de pobreza, esta decisi\u00f3n de reforzar y llevar a 20 mil pesos las asignaciones familiares de los trabajadores de ingresos m\u00e1s bajos, un mill\u00f3n en todo el pa\u00eds, tiene por objetivo recuperar el ingreso de los trabajadores, protegiendo y cuidando el orden fiscal\u00bb, afirm\u00f3 el titular del Palacio de Hacienda.<\/p>\n<p style=\"text-align: justify;\">La apertura del evento estuvo a cargo de Raverta, quien brind\u00f3 detalles de los alcances de la nueva medida que beneficiar\u00e1 a m\u00e1s de un mill\u00f3n de trabajadores trabajadores que, en promedio, tienen 2 hijos por familia.<\/p>\n<p style=\"text-align: justify;\">\u00abEn l\u00ednea con nuestra pol\u00edtica de refuerzos para trabajadores tramo 1 (menores ingresos) tomamos la decisi\u00f3n de reconocer el esfuerzo otorgando un monto de $20.000 por hijo e hija, beneficiando a 1.100.000 de trabajadores y trabajadoras\u00bb, se\u00f1al\u00f3 Raverta.<\/p>\n<p style=\"text-align: justify;\">Con el refuerzo en la asignaci\u00f3n familiar de cada familia, Raverta proyect\u00f3 que ingresar\u00e1n \u00ab$40.0000\u00bb a cada n\u00facleo familiar, contemplando el promedio mencionado.<\/p>\n<p style=\"text-align: justify;\">\u00abQueremos recuperar los casi 20 puntos de p\u00e9rdida en el poder adquisitivo que se produjo durante los \u00faltimos dos a\u00f1os del gobierno anterior porque aspiramos a que las familias de nuestros trabajadores y trabajadoras vivan un poco mejor todos los d\u00edas\u00bb, agreg\u00f3 al directora de la Anses.<\/p>\n<p style=\"text-align: justify;\">Raverta, que inst\u00f3 al sector privado a \u00abacompa\u00f1ar\u00bb la medida, remarc\u00f3 que el Estado debe tener una mirada integradora, lejos de los actos de \u00abviolencia y hostigamiento\u00bb.<\/p>\n<p style=\"text-align: justify;\">El nuevo monto que refuerza la asignaci\u00f3n familiar por hijo \u00abalcanzar\u00e1 a 1.800.000 menores y se financiar\u00e1 con el Adelanto por el Pago del Impuesto a las Ganancias\u00bb.<\/p>\n<p style=\"text-align: justify;\">Por su parte, Massa cerr\u00f3 el evento destacando la importancia de \u00abempujar juntos para el mismo lugar, en una tarea conjunta de empresarios, trabajadores y Estado\u00bb.<\/p>\n<p style=\"text-align: justify;\">Tras resaltar el rol de la comunidad obrera organizada, en este caso a trav\u00e9s de la Uni\u00f3n Obrera Metal\u00fargica, adelant\u00f3 que este mi\u00e9rcoles se realizar\u00e1n anuncios vinculados a las industrias automotriz y la electr\u00f3nica de Tierra del Fuego.<\/p>\n<p style=\"text-align: justify;\">El ministro explic\u00f3 que el nuevo monto que refuerza la asignaci\u00f3n familiar por hijo \u00abalcanzar\u00e1 a 1.800.000 menores y se financiar\u00e1 con el Adelanto por el Pago del Impuesto a las Ganancias\u00bb.<\/p>\n<p style=\"text-align: justify;\">\u00abEntendemos que peleamos contra el fen\u00f3meno inflacionario, que es el veneno que se come el salario de la mayor\u00eda de las familias argentinas. Y nosotros vamos tomando decisiones para anclar esas expectativas inflacionarias, por lo tanto es muy importante reforzar el ingreso de los trabajadores y trabajadoras\u00bb, subray\u00f3 el jefe del Palacio de Hacienda.<\/p>\n<p style=\"text-align: justify;\">En este sentido, a\u00f1adi\u00f3 que todos tienen que \u00abhacer el esfuerzo y a quien menos le podemos pedir es a quien m\u00e1s esfuerzo hace todos los d\u00edas\u00bb.<\/p>\n<p style=\"text-align: justify;\">El Gobierno anunci un refuerzo de 20 mil para las asignaciones familiares por hijo que alcanzar a los trabajadores del tramo de menores ingresos<br \/>\nEl Gobierno anunci\u00f3 un refuerzo de $ 20 mil para las asignaciones familiares por hijo que alcanzar\u00e1 a los trabajadores del tramo de menores ingresos.<\/p>\n<p style=\"text-align: justify;\">\u00abLa defensa del trabajo y la educaci\u00f3n debe ser nuestro modelo de movilidad social ascendente, en el marco de transitar un sendero de acumulaci\u00f3n virtuosa\u00bb, explic\u00f3 Massa.<\/p>\n<p style=\"text-align: justify;\">El ministro indic\u00f3, adem\u00e1s, que la mejora en la asignaci\u00f3n por hijo \u00abes un peque\u00f1o paso en el camino de recuperar ingresos\u00bb y reafirm\u00f3: \u00abQueremos empresas pujantes con trabajadores con ingresos justos\u00a8.<\/p>\n<p style=\"text-align: justify;\">\nLos n\u00fameros del refuerzo en la asignaci\u00f3n por hijo<\/p>\n<p style=\"text-align: justify;\">Con este aumento, una familia tipo se encontrar\u00e1 por encima de la l\u00ednea de pobreza, creciendo en un 120% las asignaciones con respecto a diciembre de 2019, remarc\u00f3 la Anses a trav\u00e9s de un comunicado.<\/p>\n<p style=\"text-align: justify;\">La Anses hab\u00eda anunciado este lunes los nuevos valores de las asignaciones familiares por nacimiento ($ 9.875), adopci\u00f3n ($ 59.058) y por matrimonio ($ 14.788) para ingresos de grupos familiares de hasta $ 316.731 en los tres casos.<\/p>\n<p style=\"text-align: justify;\">Participaron del evento, adem\u00e1s de Massa y Raverta, el secretario de Econom\u00eda del Conocimiento, Ariel Sujarchuk; el secretario general de la UOM, Abel Furl\u00e1n; el intendente de Escobar, Carlos Ramil, y el CEO de Ferrosider, Alejandro Pastore.<\/p>\n","protected":false},"excerpt":{"rendered":"<div class=\"mh-excerpt\"><p>Con el refuerzo \u201cvamos a llegar a las casas de 1.100.000 trabajadores de la Argentina\u201d, asegur\u00f3 la directora de la Anses, Fernanda Raverta. Sergio Massa, <a class=\"mh-excerpt-more\" href=\"https:\/\/primiciasclorinda.com\/?p=29262\" title=\"Habr\u00e1 un refuerzo de $20.000 para hijos e hijas de los trabajadores con menores ingresos\">[&#8230;]<\/a><\/p>\n<\/div>","protected":false},"author":3,"featured_media":8094,"comment_status":"open","ping_status":"open","sticky":false,"template":"","format":"standard","meta":{"footnotes":""},"categories":[4,3],"tags":[216,2216],"class_list":["post-29262","post","type-post","status-publish","format-standard","has-post-thumbnail","hentry","category-informacion-general","category-politica-economia","tag-anses","tag-bono"],"_links":{"self":[{"href":"https:\/\/primiciasclorinda.com\/index.php?rest_route=\/wp\/v2\/posts\/29262","targetHints":{"allow":["GET"]}}],"collection":[{"href":"https:\/\/primiciasclorinda.com\/index.php?rest_route=\/wp\/v2\/posts"}],"about":[{"href":"https:\/\/primiciasclorinda.com\/index.php?rest_route=\/wp\/v2\/types\/post"}],"author":[{"embeddable":true,"href":"https:\/\/primiciasclorinda.com\/index.php?rest_route=\/wp\/v2\/users\/3"}],"replies":[{"embeddable":true,"href":"https:\/\/primiciasclorinda.com\/index.php?rest_route=%2Fwp%2Fv2%2Fcomments&post=29262"}],"version-history":[{"count":1,"href":"https:\/\/primiciasclorinda.com\/index.php?rest_route=\/wp\/v2\/posts\/29262\/revisions"}],"predecessor-version":[{"id":29263,"href":"https:\/\/primiciasclorinda.com\/index.php?rest_route=\/wp\/v2\/posts\/29262\/revisions\/29263"}],"wp:featuredmedia":[{"embeddable":true,"href":"https:\/\/primiciasclorinda.com\/index.php?rest_route=\/wp\/v2\/media\/8094"}],"wp:attachment":[{"href":"https:\/\/primiciasclorinda.com\/index.php?rest_route=%2Fwp%2Fv2%2Fmedia&parent=29262"}],"wp:term":[{"taxonomy":"category","embeddable":true,"href":"https:\/\/primiciasclorinda.com\/index.php?rest_route=%2Fwp%2Fv2%2Fcategories&post=29262"},{"taxonomy":"post_tag","embeddable":true,"href":"https:\/\/primiciasclorinda.com\/index.php?rest_route=%2Fwp%2Fv2%2Ftags&post=29262"}],"curies":[{"name":"wp","href":"https:\/\/api.w.org\/{rel}","templated":true}]}}