{"id":29199,"date":"2022-08-23T11:13:44","date_gmt":"2022-08-23T14:13:44","guid":{"rendered":"http:\/\/primiciasclorinda.com\/?p=29199"},"modified":"2022-08-23T11:13:44","modified_gmt":"2022-08-23T14:13:44","slug":"bibolini-estamos-mas-tranquilos-y-contentos-por-este-descenso-de-casos","status":"publish","type":"post","link":"https:\/\/primiciasclorinda.com\/?p=29199","title":{"rendered":"Bibolini: \u00abEstamos m\u00e1s tranquilos y contentos por este descenso de casos\u00bb"},"content":{"rendered":"<p style=\"text-align: justify;\">El m\u00e9dico infect\u00f3logo, Juli\u00e1n Bibolini, puso en resalto la mejor\u00eda del estatus sanitario con respecto del COVID-19, registrado en la provincia en la \u00faltima semana.<\/p>\n<p>\u201cEstamos m\u00e1s tranquilos y contentos por este descenso de casos\u201d, expres\u00f3 el doctor.<\/p>\n<p style=\"text-align: justify;\">Esta alentadora situaci\u00f3n, le dio pie para recordar que \u201cal inicio de este nuevo aumento, el 95% de los casos positivos eran de la Capital y despu\u00e9s fue extendi\u00e9ndose al resto del territorio\u201d.<\/p>\n<p style=\"text-align: justify;\">Asimismo, indic\u00f3 que el mismo panorama se dio respecto de \u201cla disminuci\u00f3n de diagn\u00f3sticos de coronavirus\u201d, exponiendo que el \u201cdescenso empez\u00f3 a darse en la Ciudad de Formosa y luego en el interior\u201d.<\/p>\n<p style=\"text-align: justify;\">Debido a ello, esboz\u00f3 a esta Agencia: \u201cEstamos muy esperanzados de que esta tendencia siga\u201d, pero alert\u00f3: \u201cEsto no quiere decir que van a desaparecer los casos, porque es una patolog\u00eda que va a durar mucho tiempo, pero por lo menos ya no est\u00e1 comprometiendo a tantas personas\u201d.<\/p>\n<p style=\"text-align: justify;\">Al mismo tiempo y de manera simple explic\u00f3 que \u201caquellos que se encuentren vacunados contra esta afecci\u00f3n pueden transitarla como una gripe, es decir, presentar febr\u00edcula, decaimiento\u201d, pero a pesar de ello pidi\u00f3 \u201cconsciencia\u201d al manifestar que \u201cs\u00ed o s\u00ed deben aislarse\u201d.<\/p>\n<p style=\"text-align: justify;\">En esta misma l\u00ednea, aclar\u00f3 que las personas inmunizadas \u201ctambi\u00e9n pueden presentar cuadros de neumon\u00eda\u201d pero resalt\u00f3 que \u201cla gran mayor\u00eda no lo hace\u201d.<\/p>\n<p style=\"text-align: justify;\">Insistiendo sobre la importancia de la vacunaci\u00f3n, Bibolini volvi\u00f3 a remarcar que estar inmunizado \u201cayuda a prevenir que los cuadros infecciosos se agraven\u201d al igual que \u201cla internaci\u00f3n y el fallecimiento de pacientes\u201d.<\/p>\n<p style=\"text-align: justify;\">\u201cPor estos motivos es indispensable completar los esquemas de inoculaci\u00f3n, incluidas las dosis de refuerzos\u201d, exponiendo que de esta manera si uno contrae el virus \u201clo hace en \u00f3ptimas condiciones y enfrentar\u00e1 la enfermedad de la mejor manera posible\u201d.<\/p>\n<p style=\"text-align: justify;\">A modo de s\u00edntesis, estim\u00f3: \u201cEl panorama es m\u00e1s alentador\u201d, pero de igual manera \u00abno esperemos que aumenten los casos para reci\u00e9n aplicarse el refuerzo\u00bb.<\/p>\n","protected":false},"excerpt":{"rendered":"<div class=\"mh-excerpt\"><p>El m\u00e9dico infect\u00f3logo, Juli\u00e1n Bibolini, puso en resalto la mejor\u00eda del estatus sanitario con respecto del COVID-19, registrado en la provincia en la \u00faltima semana. <a class=\"mh-excerpt-more\" href=\"https:\/\/primiciasclorinda.com\/?p=29199\" title=\"Bibolini: \u00abEstamos m\u00e1s tranquilos y contentos por este descenso de casos\u00bb\">[&#8230;]<\/a><\/p>\n<\/div>","protected":false},"author":3,"featured_media":26769,"comment_status":"open","ping_status":"open","sticky":false,"template":"","format":"standard","meta":{"footnotes":""},"categories":[4,3],"tags":[2870,58],"class_list":["post-29199","post","type-post","status-publish","format-standard","has-post-thumbnail","hentry","category-informacion-general","category-politica-economia","tag-coronavirus","tag-gobierno-de-formosa"],"_links":{"self":[{"href":"https:\/\/primiciasclorinda.com\/index.php?rest_route=\/wp\/v2\/posts\/29199","targetHints":{"allow":["GET"]}}],"collection":[{"href":"https:\/\/primiciasclorinda.com\/index.php?rest_route=\/wp\/v2\/posts"}],"about":[{"href":"https:\/\/primiciasclorinda.com\/index.php?rest_route=\/wp\/v2\/types\/post"}],"author":[{"embeddable":true,"href":"https:\/\/primiciasclorinda.com\/index.php?rest_route=\/wp\/v2\/users\/3"}],"replies":[{"embeddable":true,"href":"https:\/\/primiciasclorinda.com\/index.php?rest_route=%2Fwp%2Fv2%2Fcomments&post=29199"}],"version-history":[{"count":1,"href":"https:\/\/primiciasclorinda.com\/index.php?rest_route=\/wp\/v2\/posts\/29199\/revisions"}],"predecessor-version":[{"id":29200,"href":"https:\/\/primiciasclorinda.com\/index.php?rest_route=\/wp\/v2\/posts\/29199\/revisions\/29200"}],"wp:featuredmedia":[{"embeddable":true,"href":"https:\/\/primiciasclorinda.com\/index.php?rest_route=\/wp\/v2\/media\/26769"}],"wp:attachment":[{"href":"https:\/\/primiciasclorinda.com\/index.php?rest_route=%2Fwp%2Fv2%2Fmedia&parent=29199"}],"wp:term":[{"taxonomy":"category","embeddable":true,"href":"https:\/\/primiciasclorinda.com\/index.php?rest_route=%2Fwp%2Fv2%2Fcategories&post=29199"},{"taxonomy":"post_tag","embeddable":true,"href":"https:\/\/primiciasclorinda.com\/index.php?rest_route=%2Fwp%2Fv2%2Ftags&post=29199"}],"curies":[{"name":"wp","href":"https:\/\/api.w.org\/{rel}","templated":true}]}}