{"id":29062,"date":"2022-08-03T07:36:10","date_gmt":"2022-08-03T10:36:10","guid":{"rendered":"http:\/\/primiciasclorinda.com\/?p=29062"},"modified":"2022-08-03T07:37:49","modified_gmt":"2022-08-03T10:37:49","slug":"el-intendente-participo-de-las-actividades-por-el-dia-de-la-patrona-de-clorinda","status":"publish","type":"post","link":"https:\/\/primiciasclorinda.com\/?p=29062","title":{"rendered":"El Intendente particip\u00f3 de las actividades por el D\u00eda de la Patrona de Clorinda"},"content":{"rendered":"<p style=\"text-align: justify;\">El Intendente Celauro particip\u00f3 de la celebraci\u00f3n de nuestra Madre Mar\u00eda, \u00abNuestra Se\u00f1ora de los \u00c1ngeles\u00bb, de lo cual dijo que siempre es un honor.<\/p>\n<p style=\"text-align: justify;\">El Jefe comunal recibio en nuestra ciudad al Monse\u00f1or, Jos\u00e9 Vicente Conejero que c\u00f3mo cada a\u00f1o vino a celebrar junto a los clorindenses este momento tan especial, la fiesta de nuestra Santa Patrona, con ese sentido de comunidad, de familia que nos abraza y ayuda a renovarnos y poder mirar para adelante con esperanza a pesar de las dificultades de este tiempo en un contexto mundial muy complejo.<\/p>\n<p style=\"text-align: justify;\">Celauro en su cuenta oficial de Facebook agradeci\u00f3 a los muchos vecinos y vecinas que se sumaron para acompa\u00f1ar, primero la caravana luego la misa y cerramos todo ese momento tan emotivo y conmovedor con una cena ofrecida para agasajar al Padre, Roberto Pared, por sus 25 a\u00f1os de servicio sacerdotal.<\/p>\n<p style=\"text-align: justify;\">Para cerrar dijo que \u00absin dudas esta convivencia es el reflejo del amor que sentimos por nuestra ciudad\u00bb.<\/p>\n<p><img loading=\"lazy\" decoding=\"async\" class=\"alignnone wp-image-29064 size-full\" src=\"http:\/\/primiciasclorinda.com\/wp-content\/uploads\/2022\/08\/296156104_2847435335564837_7919697229322463507_n.jpg\" alt=\"\" width=\"960\" height=\"640\" srcset=\"https:\/\/primiciasclorinda.com\/wp-content\/uploads\/2022\/08\/296156104_2847435335564837_7919697229322463507_n.jpg 960w, https:\/\/primiciasclorinda.com\/wp-content\/uploads\/2022\/08\/296156104_2847435335564837_7919697229322463507_n-300x200.jpg 300w, https:\/\/primiciasclorinda.com\/wp-content\/uploads\/2022\/08\/296156104_2847435335564837_7919697229322463507_n-768x512.jpg 768w, https:\/\/primiciasclorinda.com\/wp-content\/uploads\/2022\/08\/296156104_2847435335564837_7919697229322463507_n-450x300.jpg 450w\" sizes=\"auto, (max-width: 960px) 100vw, 960px\" \/> <img loading=\"lazy\" decoding=\"async\" class=\"alignnone wp-image-29065 size-full\" src=\"http:\/\/primiciasclorinda.com\/wp-content\/uploads\/2022\/08\/296329321_2847435005564870_1543905432892123916_n.jpg\" alt=\"\" width=\"593\" height=\"395\" srcset=\"https:\/\/primiciasclorinda.com\/wp-content\/uploads\/2022\/08\/296329321_2847435005564870_1543905432892123916_n.jpg 593w, https:\/\/primiciasclorinda.com\/wp-content\/uploads\/2022\/08\/296329321_2847435005564870_1543905432892123916_n-300x200.jpg 300w, https:\/\/primiciasclorinda.com\/wp-content\/uploads\/2022\/08\/296329321_2847435005564870_1543905432892123916_n-450x300.jpg 450w\" sizes=\"auto, (max-width: 593px) 100vw, 593px\" \/><\/p>\n","protected":false},"excerpt":{"rendered":"<div class=\"mh-excerpt\"><p>El Intendente Celauro particip\u00f3 de la celebraci\u00f3n de nuestra Madre Mar\u00eda, \u00abNuestra Se\u00f1ora de los \u00c1ngeles\u00bb, de lo cual dijo que siempre es un honor. <a class=\"mh-excerpt-more\" href=\"https:\/\/primiciasclorinda.com\/?p=29062\" title=\"El Intendente particip\u00f3 de las actividades por el D\u00eda de la Patrona de Clorinda\">[&#8230;]<\/a><\/p>\n<\/div>","protected":false},"author":3,"featured_media":29063,"comment_status":"open","ping_status":"open","sticky":false,"template":"","format":"standard","meta":{"footnotes":""},"categories":[4,3],"tags":[26,24],"class_list":["post-29062","post","type-post","status-publish","format-standard","has-post-thumbnail","hentry","category-informacion-general","category-politica-economia","tag-clorinda","tag-manuel-celauro"],"_links":{"self":[{"href":"https:\/\/primiciasclorinda.com\/index.php?rest_route=\/wp\/v2\/posts\/29062","targetHints":{"allow":["GET"]}}],"collection":[{"href":"https:\/\/primiciasclorinda.com\/index.php?rest_route=\/wp\/v2\/posts"}],"about":[{"href":"https:\/\/primiciasclorinda.com\/index.php?rest_route=\/wp\/v2\/types\/post"}],"author":[{"embeddable":true,"href":"https:\/\/primiciasclorinda.com\/index.php?rest_route=\/wp\/v2\/users\/3"}],"replies":[{"embeddable":true,"href":"https:\/\/primiciasclorinda.com\/index.php?rest_route=%2Fwp%2Fv2%2Fcomments&post=29062"}],"version-history":[{"count":2,"href":"https:\/\/primiciasclorinda.com\/index.php?rest_route=\/wp\/v2\/posts\/29062\/revisions"}],"predecessor-version":[{"id":29067,"href":"https:\/\/primiciasclorinda.com\/index.php?rest_route=\/wp\/v2\/posts\/29062\/revisions\/29067"}],"wp:featuredmedia":[{"embeddable":true,"href":"https:\/\/primiciasclorinda.com\/index.php?rest_route=\/wp\/v2\/media\/29063"}],"wp:attachment":[{"href":"https:\/\/primiciasclorinda.com\/index.php?rest_route=%2Fwp%2Fv2%2Fmedia&parent=29062"}],"wp:term":[{"taxonomy":"category","embeddable":true,"href":"https:\/\/primiciasclorinda.com\/index.php?rest_route=%2Fwp%2Fv2%2Fcategories&post=29062"},{"taxonomy":"post_tag","embeddable":true,"href":"https:\/\/primiciasclorinda.com\/index.php?rest_route=%2Fwp%2Fv2%2Ftags&post=29062"}],"curies":[{"name":"wp","href":"https:\/\/api.w.org\/{rel}","templated":true}]}}