{"id":29009,"date":"2022-07-25T09:53:26","date_gmt":"2022-07-25T12:53:26","guid":{"rendered":"http:\/\/primiciasclorinda.com\/?p=29009"},"modified":"2022-07-25T09:59:07","modified_gmt":"2022-07-25T12:59:07","slug":"el-viernes-se-presento-el-libro-lo-que-nadie-toca-de-la-escritora-miriam-alvarez","status":"publish","type":"post","link":"https:\/\/primiciasclorinda.com\/?p=29009","title":{"rendered":"El viernes se present\u00f3 el libro \u00abLo que nadie toca\u00bb de la escritora Miriam \u00c1lvarez"},"content":{"rendered":"<p style=\"text-align: justify;\">La presentaci\u00f3n del libro \u00abLo que nadie toca\u00bb se realiz\u00f3 el \u00faltimo viernes en el edificio de cobranzas que tiene la Cooperativa Clorinda por calle Cancio, all\u00ed estuvo la autora Miriam \u00c1lvarez qui\u00e9n fue acompa\u00f1ada en la presentaci\u00f3n por el Lic. Juan P\u00e1ez. En la ocasi\u00f3n estuvieron presentes la Delegada Zonal de Educaci\u00f3n, Feliciana Coronel, el profesor y escritor, Dionel Filipigh, el Secretario de Administraci\u00f3n de la Cooperativa, Juan Jos\u00e9 Bogar\u00edn, entre otros asistentes. El evento fue organizado por la Biblioteca Popular Mar\u00eda Cristina Balbuena.<\/p>\n<p><img loading=\"lazy\" decoding=\"async\" class=\"alignnone wp-image-29012 size-full\" src=\"http:\/\/primiciasclorinda.com\/wp-content\/uploads\/2022\/07\/WhatsApp-Image-2022-07-25-at-9.47.36-AM.jpeg\" alt=\"\" width=\"1600\" height=\"1200\" srcset=\"https:\/\/primiciasclorinda.com\/wp-content\/uploads\/2022\/07\/WhatsApp-Image-2022-07-25-at-9.47.36-AM.jpeg 1600w, https:\/\/primiciasclorinda.com\/wp-content\/uploads\/2022\/07\/WhatsApp-Image-2022-07-25-at-9.47.36-AM-300x225.jpeg 300w, https:\/\/primiciasclorinda.com\/wp-content\/uploads\/2022\/07\/WhatsApp-Image-2022-07-25-at-9.47.36-AM-768x576.jpeg 768w, https:\/\/primiciasclorinda.com\/wp-content\/uploads\/2022\/07\/WhatsApp-Image-2022-07-25-at-9.47.36-AM-400x300.jpeg 400w, https:\/\/primiciasclorinda.com\/wp-content\/uploads\/2022\/07\/WhatsApp-Image-2022-07-25-at-9.47.36-AM-678x509.jpeg 678w, https:\/\/primiciasclorinda.com\/wp-content\/uploads\/2022\/07\/WhatsApp-Image-2022-07-25-at-9.47.36-AM-326x245.jpeg 326w, https:\/\/primiciasclorinda.com\/wp-content\/uploads\/2022\/07\/WhatsApp-Image-2022-07-25-at-9.47.36-AM-80x60.jpeg 80w\" sizes=\"auto, (max-width: 1600px) 100vw, 1600px\" \/><\/p>\n<p style=\"text-align: justify;\">La presentaci\u00f3n cont\u00f3 con los comentarios de su autora quien fue contando la composici\u00f3n de los poemas y c\u00f3mo fue plasmando esos poemas en un formato de libro finalmente denominado \u00abLo que nadie toca\u00bb.<\/p>\n<p style=\"text-align: justify;\">La misma fue amena e interesante por la funci\u00f3n que llev\u00f3 adelante el Lic. Juan P\u00e1ez, al conocer la obra y a su autora hizo que el p\u00fablico tambi\u00e9n comprenda los momentos literarios que llevaron a la concreci\u00f3n de dicha obra.<\/p>\n<p style=\"text-align: justify;\">Adem\u00e1s hubo lectura de poemas y el evento fue amenizado con la calidez del p\u00fablico presente que disfrut\u00f3 el recorrido por \u00abLo que nadie toca\u00bb, finalizando dicho evento con la ejecuci\u00f3n musical magistral de Gustavo Bulan.<\/p>\n<p><img loading=\"lazy\" decoding=\"async\" class=\"alignnone wp-image-29015 size-full\" src=\"http:\/\/primiciasclorinda.com\/wp-content\/uploads\/2022\/07\/WhatsApp-Image-2022-07-25-at-9.47.36-AM-1.jpeg\" alt=\"\" width=\"1600\" height=\"1200\" srcset=\"https:\/\/primiciasclorinda.com\/wp-content\/uploads\/2022\/07\/WhatsApp-Image-2022-07-25-at-9.47.36-AM-1.jpeg 1600w, https:\/\/primiciasclorinda.com\/wp-content\/uploads\/2022\/07\/WhatsApp-Image-2022-07-25-at-9.47.36-AM-1-300x225.jpeg 300w, https:\/\/primiciasclorinda.com\/wp-content\/uploads\/2022\/07\/WhatsApp-Image-2022-07-25-at-9.47.36-AM-1-768x576.jpeg 768w, https:\/\/primiciasclorinda.com\/wp-content\/uploads\/2022\/07\/WhatsApp-Image-2022-07-25-at-9.47.36-AM-1-400x300.jpeg 400w, https:\/\/primiciasclorinda.com\/wp-content\/uploads\/2022\/07\/WhatsApp-Image-2022-07-25-at-9.47.36-AM-1-678x509.jpeg 678w, https:\/\/primiciasclorinda.com\/wp-content\/uploads\/2022\/07\/WhatsApp-Image-2022-07-25-at-9.47.36-AM-1-326x245.jpeg 326w, https:\/\/primiciasclorinda.com\/wp-content\/uploads\/2022\/07\/WhatsApp-Image-2022-07-25-at-9.47.36-AM-1-80x60.jpeg 80w\" sizes=\"auto, (max-width: 1600px) 100vw, 1600px\" \/> <img loading=\"lazy\" decoding=\"async\" class=\"alignnone wp-image-29014 size-full\" src=\"http:\/\/primiciasclorinda.com\/wp-content\/uploads\/2022\/07\/WhatsApp-Image-2022-07-25-at-9.47.37-AM.jpeg\" alt=\"\" width=\"1600\" height=\"1200\" srcset=\"https:\/\/primiciasclorinda.com\/wp-content\/uploads\/2022\/07\/WhatsApp-Image-2022-07-25-at-9.47.37-AM.jpeg 1600w, https:\/\/primiciasclorinda.com\/wp-content\/uploads\/2022\/07\/WhatsApp-Image-2022-07-25-at-9.47.37-AM-300x225.jpeg 300w, https:\/\/primiciasclorinda.com\/wp-content\/uploads\/2022\/07\/WhatsApp-Image-2022-07-25-at-9.47.37-AM-768x576.jpeg 768w, https:\/\/primiciasclorinda.com\/wp-content\/uploads\/2022\/07\/WhatsApp-Image-2022-07-25-at-9.47.37-AM-400x300.jpeg 400w, https:\/\/primiciasclorinda.com\/wp-content\/uploads\/2022\/07\/WhatsApp-Image-2022-07-25-at-9.47.37-AM-678x509.jpeg 678w, https:\/\/primiciasclorinda.com\/wp-content\/uploads\/2022\/07\/WhatsApp-Image-2022-07-25-at-9.47.37-AM-326x245.jpeg 326w, https:\/\/primiciasclorinda.com\/wp-content\/uploads\/2022\/07\/WhatsApp-Image-2022-07-25-at-9.47.37-AM-80x60.jpeg 80w\" sizes=\"auto, (max-width: 1600px) 100vw, 1600px\" \/> <img loading=\"lazy\" decoding=\"async\" class=\"alignnone wp-image-29013 size-full\" src=\"http:\/\/primiciasclorinda.com\/wp-content\/uploads\/2022\/07\/WhatsApp-Image-2022-07-25-at-9.47.38-AM.jpeg\" alt=\"\" width=\"1600\" height=\"1200\" srcset=\"https:\/\/primiciasclorinda.com\/wp-content\/uploads\/2022\/07\/WhatsApp-Image-2022-07-25-at-9.47.38-AM.jpeg 1600w, https:\/\/primiciasclorinda.com\/wp-content\/uploads\/2022\/07\/WhatsApp-Image-2022-07-25-at-9.47.38-AM-300x225.jpeg 300w, https:\/\/primiciasclorinda.com\/wp-content\/uploads\/2022\/07\/WhatsApp-Image-2022-07-25-at-9.47.38-AM-768x576.jpeg 768w, https:\/\/primiciasclorinda.com\/wp-content\/uploads\/2022\/07\/WhatsApp-Image-2022-07-25-at-9.47.38-AM-400x300.jpeg 400w, https:\/\/primiciasclorinda.com\/wp-content\/uploads\/2022\/07\/WhatsApp-Image-2022-07-25-at-9.47.38-AM-678x509.jpeg 678w, https:\/\/primiciasclorinda.com\/wp-content\/uploads\/2022\/07\/WhatsApp-Image-2022-07-25-at-9.47.38-AM-326x245.jpeg 326w, https:\/\/primiciasclorinda.com\/wp-content\/uploads\/2022\/07\/WhatsApp-Image-2022-07-25-at-9.47.38-AM-80x60.jpeg 80w\" sizes=\"auto, (max-width: 1600px) 100vw, 1600px\" \/><\/p>\n","protected":false},"excerpt":{"rendered":"<div class=\"mh-excerpt\"><p>La presentaci\u00f3n del libro \u00abLo que nadie toca\u00bb se realiz\u00f3 el \u00faltimo viernes en el edificio de cobranzas que tiene la Cooperativa Clorinda por calle <a class=\"mh-excerpt-more\" href=\"https:\/\/primiciasclorinda.com\/?p=29009\" title=\"El viernes se present\u00f3 el libro \u00abLo que nadie toca\u00bb de la escritora Miriam \u00c1lvarez\">[&#8230;]<\/a><\/p>\n<\/div>","protected":false},"author":3,"featured_media":29011,"comment_status":"open","ping_status":"open","sticky":false,"template":"","format":"standard","meta":{"footnotes":""},"categories":[4,6],"tags":[26,340,3977,3976],"class_list":["post-29009","post","type-post","status-publish","format-standard","has-post-thumbnail","hentry","category-informacion-general","category-cultura","tag-clorinda","tag-cultura","tag-libros","tag-miriam-alvarez"],"_links":{"self":[{"href":"https:\/\/primiciasclorinda.com\/index.php?rest_route=\/wp\/v2\/posts\/29009","targetHints":{"allow":["GET"]}}],"collection":[{"href":"https:\/\/primiciasclorinda.com\/index.php?rest_route=\/wp\/v2\/posts"}],"about":[{"href":"https:\/\/primiciasclorinda.com\/index.php?rest_route=\/wp\/v2\/types\/post"}],"author":[{"embeddable":true,"href":"https:\/\/primiciasclorinda.com\/index.php?rest_route=\/wp\/v2\/users\/3"}],"replies":[{"embeddable":true,"href":"https:\/\/primiciasclorinda.com\/index.php?rest_route=%2Fwp%2Fv2%2Fcomments&post=29009"}],"version-history":[{"count":3,"href":"https:\/\/primiciasclorinda.com\/index.php?rest_route=\/wp\/v2\/posts\/29009\/revisions"}],"predecessor-version":[{"id":29017,"href":"https:\/\/primiciasclorinda.com\/index.php?rest_route=\/wp\/v2\/posts\/29009\/revisions\/29017"}],"wp:featuredmedia":[{"embeddable":true,"href":"https:\/\/primiciasclorinda.com\/index.php?rest_route=\/wp\/v2\/media\/29011"}],"wp:attachment":[{"href":"https:\/\/primiciasclorinda.com\/index.php?rest_route=%2Fwp%2Fv2%2Fmedia&parent=29009"}],"wp:term":[{"taxonomy":"category","embeddable":true,"href":"https:\/\/primiciasclorinda.com\/index.php?rest_route=%2Fwp%2Fv2%2Fcategories&post=29009"},{"taxonomy":"post_tag","embeddable":true,"href":"https:\/\/primiciasclorinda.com\/index.php?rest_route=%2Fwp%2Fv2%2Ftags&post=29009"}],"curies":[{"name":"wp","href":"https:\/\/api.w.org\/{rel}","templated":true}]}}