{"id":29005,"date":"2022-07-25T08:36:38","date_gmt":"2022-07-25T11:36:38","guid":{"rendered":"http:\/\/primiciasclorinda.com\/?p=29005"},"modified":"2022-07-25T08:37:18","modified_gmt":"2022-07-25T11:37:18","slug":"alberto-fernandez-apuesta-al-encuentro-de-silvina-batakis-con-el-fmi-para-calmar-a-los-mercados-y-evitar-que-se-profundice-la-crisis-politica","status":"publish","type":"post","link":"https:\/\/primiciasclorinda.com\/?p=29005","title":{"rendered":"Alberto Fern\u00e1ndez apuesta al encuentro de Silvina Batakis con el FMI para calmar a los mercados y evitar que se profundice la crisis pol\u00edtica"},"content":{"rendered":"<p style=\"text-align: justify;\">La ministra de Econom\u00eda viaj\u00f3 a Estados Unidos donde este lunes se reunir\u00e1 con la titular del Fondo, Kristalina Georgieva, y David Lipton, funcionario clave del Tesoro norteamericano.<\/p>\n<p style=\"text-align: justify;\">Alberto Fern\u00e1ndez necesita tranquilidad. Pol\u00edtica, econ\u00f3mica y financiera. No tiene ninguna. La \u00fanica paz que se mantiene es la social. M\u00e1s all\u00e1 de las crudas advertencias de Juan Grabois sobre posibles saqueos y un clima enardecido en las calles si el Gobierno no logra torcer el rumbo de la crisis que lo atormenta.<\/p>\n<p style=\"text-align: justify;\">Este lunes comienza una nueva semana de incertidumbre e inestabilidad fomentada por la alteraci\u00f3n del mercado cambiario, la disparada del d\u00f3lar libre, la perdida absoluta de los precios de referencia, la presi\u00f3n inflacionaria sobre los salarios y la ca\u00edda de las reservas.<\/p>\n<p style=\"text-align: justify;\">A eso se suma la grieta interna del Frente de Todos, que no desapareci\u00f3 por arte de magia ni por una sucesi\u00f3n de encuentros entre el Presidente y Cristina Kirchner. El estado de deterioro de la coalici\u00f3n avanz\u00f3 al mismo ritmo en que la pol\u00edtica cambiaria gener\u00f3 un escenario de p\u00e9rdida de confianza devastador para las expectativas del gobierno nacional.<\/p>\n<p style=\"text-align: justify;\">La dupla presidencial no ha podido, o no ha querido, dar un mensaje pol\u00edtico fuerte que marque una l\u00ednea por donde transitar estos d\u00edas dif\u00edciles. El Gobierno est\u00e1 lleno de partes inconexas que desnudan la fractura interna a la que lleg\u00f3 la alianza pol\u00edtica despu\u00e9s de un enorme desgaste provocado por las peleas internas.<\/p>\n<p style=\"text-align: justify;\">La gran apuesta presidencial de estas horas es que el encuentro entre la ministra de Econom\u00eda, Silvina Batakis, y la titular del Fondo Monetario Internacional. Kristalina Georgieva se convierta en una se\u00f1al pol\u00edtica positiva que genere un m\u00ednimo de tranquilidad en el mundo financiero.<\/p>\n<p style=\"text-align: justify;\">Antes de ese encuentro, Batakis mantendr\u00e1 una reuni\u00f3n con David Lipton, un funcionario clave del Tesoro norteamericano. Ambas reuniones, en clave de gestos hacia el mercado, parecen ser las \u00faltimas balas para frenar la corrida de un Gobierno atosigado por una suba incesante del d\u00f3lar paralelo y una crisis cambiaria que se traduce en aumentos de precios permanentes y sin un marco l\u00f3gico.<\/p>\n<p style=\"text-align: justify;\">En las arterias peronistas sobrevive la idea de que ya no hay se\u00f1al que alcance para frenar la crisis econ\u00f3mica. No surti\u00f3 efecto el encuentro entre Alberto Fern\u00e1ndez, Cristina Kirchner y Sergio Massa, como tampoco las sucesivas reuniones entre el Presidente y la Vicepresidenta para intentar consensuar un rumbo.<\/p>\n<p style=\"text-align: justify;\">Y en ese mar de incertidumbre el respaldo de la Vicepresidenta a Silvina Batakis nunca fue del todo potente. Al menos, como se esperaba en un sector del peronismo que mira con preocupaci\u00f3n el andar del Gobierno y el impacto inflacionario en la sociedad, que demuele las proyecciones de gesti\u00f3n y electorales.<\/p>\n<p style=\"text-align: justify;\">Ayer la senadora nacional Juliana Di Tullio, legisladora cercana a Cristina Kirchner, asegur\u00f3 que la Vicepresidenta respalda a Batakis. Fue lo m\u00e1s cercano a un gesto de respaldo en estas horas complejas.<\/p>\n<p style=\"text-align: justify;\">Adem\u00e1s, pidi\u00f3 que la Polic\u00eda Federal est\u00e9 en la puerta de todas las cuevas donde se controla el tipo de cambio paralelo. Fue un nuevo reclamo del kirchnerismo a la Casa Rosada para que tome medidas urgentes. Un llamado de atenci\u00f3n.<\/p>\n<p style=\"text-align: justify;\">Durante el fin de semana en el Gobierno se siguieron estudiando las posibles medidas econ\u00f3micas que ser\u00edan anunciadas esta semana. Pero a\u00fan parece no ser el momento para hacerlo. La clave de estas horas pasa por esperar el resultado de las reuniones de Batakis en Estados Unidos. Despu\u00e9s, con las cartas sobre la mesa, Fern\u00e1ndez terminar\u00e1 de definir las medidas y si, finalmente, hace m\u00e1s cambios en el Gabinete.<\/p>\n<p style=\"text-align: justify;\">Seg\u00fan trascendi\u00f3, la ministra intentar\u00e1 poner sobre la mesa la situaci\u00f3n de la pol\u00edtica cambiaria argentina y su plan de acci\u00f3n para contener la crisis econ\u00f3mica que sacude a la Casa Rosada y que empeor\u00f3 despu\u00e9s de la salida del ex ministro Mart\u00edn Guzm\u00e1n.<\/p>\n<p style=\"text-align: justify;\">Del viaje debe quedar en claro si el programa econ\u00f3mico acordado con el FMI seguir\u00e1 en pie tal cual fue negociado o si sufrir\u00e1 modificaciones. Dos semanas atr\u00e1s la ministra prometi\u00f3 cumplir con las metas acordadas y descart\u00f3 de plano la posibilidad de una devaluaci\u00f3n. Fue un gesto bien recibido por el organismo internacional. Sin embargo, la econom\u00eda argentina cambia, dram\u00e1ticamente, d\u00eda a d\u00eda y las perspectivas pueden modificarse.<\/p>\n<p style=\"text-align: justify;\">El acuerdo de la dupla presidencial para que Batakis se ponga al frente de la pol\u00edtica econ\u00f3mica no fue una se\u00f1al suficiente para los mercados, que miran con desconfianza el andar de la gesti\u00f3n del Frente de Todos. En los \u00faltimos diez d\u00edas la corrida cambiaria aument\u00f3 la incertidumbre en el escenario pol\u00edtico y distintas voces del oficialismo se inclinaron por hablar de un \u201cgolpe cambiario\u201d.<\/p>\n<p style=\"text-align: justify;\">Esa incertidumbre la genera la alteraci\u00f3n del mercado pero es alimentada por la oposici\u00f3n que deja entrever la posibilidad de que se adelanten las elecciones y las voces propias, como la de Pablo Moyano, quien este domingo afirm\u00f3 que Alberto Fern\u00e1ndez \u201cno le puede encontrar la vuelta a la inflaci\u00f3n\u201d.<\/p>\n<p style=\"text-align: justify;\">Moyano, secretario adjunto de la CGT y l\u00edder del Sindicato de Camioneros, le pidi\u00f3 al Presidente \u201cmayor fortaleza con los poderosos\u201d, direccionando el mensaje a la discusi\u00f3n con el sector agropecuario que viene teniendo Fern\u00e1ndez por la venta de granos y la liquidaci\u00f3n de las cosechas, necesarias para generar ingreso de divisas. Ese suele ser el mensaje del kirchnerismo. La misma l\u00ednea.<\/p>\n<p style=\"text-align: justify;\">La falta de alineamiento pol\u00edtico es una dificultad importante en un momento de tensi\u00f3n cambiaria y crisis econ\u00f3mica. La coalici\u00f3n peronista no ha podido resolver ese discusi\u00f3n &#8211; eterna discusi\u00f3n &#8211; sobre el respaldo a la figura del Presidente. Entonces, los cuestionamientos sigue floreciendo de campamentos oficialistas. Los propios.<\/p>\n<p style=\"text-align: justify;\">El Gobierno no ha podido, en dos a\u00f1os y medio de gesti\u00f3n, encausar la relaci\u00f3n con el sector agropecuario. El \u00faltimo cap\u00edtulo lo protagoniz\u00f3 el Presidente cuando se\u00f1al\u00f3 al campo como los que \u201cguardan 20 mil millones de d\u00f3lares en el campo y no los liquidan\u201d. Fue la forma que encontr\u00f3 para pedirles que vendan las cosechas que tienen guardadas.<\/p>\n<p style=\"text-align: justify;\">Busc\u00f3 presionar al sector para que liquide los granos frente a la necesidad del Gobierno de contar con d\u00f3lares. No solo no lo logr\u00f3, sino que profundiz\u00f3 la da\u00f1ada relaci\u00f3n que tiene que con el campo. Ahora en el sector agropecuario esperan el anuncio de un d\u00f3lar por encima del oficial para liquidar los granos. Ese v\u00ednculo pol\u00edtico y productivo est\u00e1 atado por alambres.<\/p>\n<p style=\"text-align: justify;\">Mientras tanto, como un pasaje a tiempos de anta\u00f1o, comenz\u00f3 a reeditarse la discusi\u00f3n entre la Casa Rosada y el campo sobre el aporte necesario para el bien del pa\u00eds. Los que deben hacer m\u00e1s esfuerzos y los que no se dejar\u00e1n torcer el brazo. Ellos y nosotros. Una vez m\u00e1s. Un c\u00edrculo sin salida.<\/p>\n<p style=\"text-align: justify;\">Fuente: Infobae.com<\/p>\n","protected":false},"excerpt":{"rendered":"<div class=\"mh-excerpt\"><p>La ministra de Econom\u00eda viaj\u00f3 a Estados Unidos donde este lunes se reunir\u00e1 con la titular del Fondo, Kristalina Georgieva, y David Lipton, funcionario clave <a class=\"mh-excerpt-more\" href=\"https:\/\/primiciasclorinda.com\/?p=29005\" title=\"Alberto Fern\u00e1ndez apuesta al encuentro de Silvina Batakis con el FMI para calmar a los mercados y evitar que se profundice la crisis pol\u00edtica\">[&#8230;]<\/a><\/p>\n<\/div>","protected":false},"author":3,"featured_media":29006,"comment_status":"open","ping_status":"open","sticky":false,"template":"","format":"standard","meta":{"footnotes":""},"categories":[3],"tags":[2467,3955,68],"class_list":["post-29005","post","type-post","status-publish","format-standard","has-post-thumbnail","hentry","category-politica-economia","tag-alberto-fernandez","tag-batakis","tag-economia"],"_links":{"self":[{"href":"https:\/\/primiciasclorinda.com\/index.php?rest_route=\/wp\/v2\/posts\/29005","targetHints":{"allow":["GET"]}}],"collection":[{"href":"https:\/\/primiciasclorinda.com\/index.php?rest_route=\/wp\/v2\/posts"}],"about":[{"href":"https:\/\/primiciasclorinda.com\/index.php?rest_route=\/wp\/v2\/types\/post"}],"author":[{"embeddable":true,"href":"https:\/\/primiciasclorinda.com\/index.php?rest_route=\/wp\/v2\/users\/3"}],"replies":[{"embeddable":true,"href":"https:\/\/primiciasclorinda.com\/index.php?rest_route=%2Fwp%2Fv2%2Fcomments&post=29005"}],"version-history":[{"count":2,"href":"https:\/\/primiciasclorinda.com\/index.php?rest_route=\/wp\/v2\/posts\/29005\/revisions"}],"predecessor-version":[{"id":29008,"href":"https:\/\/primiciasclorinda.com\/index.php?rest_route=\/wp\/v2\/posts\/29005\/revisions\/29008"}],"wp:featuredmedia":[{"embeddable":true,"href":"https:\/\/primiciasclorinda.com\/index.php?rest_route=\/wp\/v2\/media\/29006"}],"wp:attachment":[{"href":"https:\/\/primiciasclorinda.com\/index.php?rest_route=%2Fwp%2Fv2%2Fmedia&parent=29005"}],"wp:term":[{"taxonomy":"category","embeddable":true,"href":"https:\/\/primiciasclorinda.com\/index.php?rest_route=%2Fwp%2Fv2%2Fcategories&post=29005"},{"taxonomy":"post_tag","embeddable":true,"href":"https:\/\/primiciasclorinda.com\/index.php?rest_route=%2Fwp%2Fv2%2Ftags&post=29005"}],"curies":[{"name":"wp","href":"https:\/\/api.w.org\/{rel}","templated":true}]}}