{"id":28921,"date":"2022-07-15T11:18:23","date_gmt":"2022-07-15T14:18:23","guid":{"rendered":"http:\/\/primiciasclorinda.com\/?p=28921"},"modified":"2022-07-15T11:19:18","modified_gmt":"2022-07-15T14:19:18","slug":"rio-paraguay-tendencia-bajante-que-continuara","status":"publish","type":"post","link":"https:\/\/primiciasclorinda.com\/?p=28921","title":{"rendered":"R\u00edo Paraguay: Tendencia bajante que continuar\u00e1"},"content":{"rendered":"<p style=\"text-align: justify;\">El ingeniero Horacio Zamb\u00f3n, coordinador ejecutivo de la Unidad Provincial Coordinadora del Agua (UPCA), pormenoriz\u00f3 que \u201cla tendencia bajante\u201d del r\u00edo Paraguay \u201cva a continuar\u201d.<\/p>\n<p style=\"text-align: justify;\">En declaraciones recogidas por AGENFOR, explic\u00f3 que \u201cla cuenca del r\u00edo Paraguay, como la del Paran\u00e1, est\u00e1 en recesi\u00f3n pr\u00e1cticamente desde el 2020 en adelante\u201d, debido a \u201cla crisis de la gran seca que trat\u00f3 a toda esta regi\u00f3n y no \u00fanicamente a Formosa\u201d.<\/p>\n<p style=\"text-align: justify;\">Este fen\u00f3meno \u201cafect\u00f3 a toda la cuenca del Plata, con lo cual estamos hablando de la alta cuenca con Brasil, Bolivia, Paraguay, Argentina y Uruguay en la parte final\u201d, precis\u00f3.<\/p>\n<p style=\"text-align: justify;\">\u201cEsto todav\u00eda no ha despertado hidrol\u00f3gicamente en el sentido de decir grandes vol\u00famenes de precipitaciones sobre la cuenca como para revertir este fen\u00f3meno y seguimos a\u00fan con caudales escasos, relativamente bajos\u201d, detall\u00f3 el especialista.<\/p>\n<p style=\"text-align: justify;\">A modo de ejemplo, indic\u00f3 que \u201cen la ma\u00f1ana de este jueves 14, el puerto local de Formosa dio 2,13 metros y est\u00e1 en descenso\u201d.<\/p>\n<p style=\"text-align: justify;\">Y apunt\u00f3 que en \u201cel sector superior del pantanal, de Bah\u00eda Negra, est\u00e1 estable con valores ya mantenidos desde hace unos dos o tres meses\u201d, se\u00f1alando que \u201cse est\u00e1 notando un descenso fuerte a partir de los puertos de Vallem\u00ed hacia abajo, con un promedio de cinco a seis cent\u00edmetros por d\u00eda\u201d.<\/p>\n<p style=\"text-align: justify;\">\u201cEs una tendencia bajante que va a continuar sostenida en el tiempo\u201d, asever\u00f3 el ingeniero Zamb\u00f3n, asegurando que \u201ctodo el mes de julio va a seguir descendiendo porque estamos transitando el invierno y las probabilidades de precipitaciones son casi escasas\u201d.<\/p>\n<p style=\"text-align: justify;\">\u201cEsto, en general, lo podemos trasladar al Bermejo y al Pilcomayo, porque hacia fin de a\u00f1o las dos cuencas se ponen en el inicio de un nuevo per\u00edodo de crecimiento\u201d, complet\u00f3.<\/p>\n","protected":false},"excerpt":{"rendered":"<div class=\"mh-excerpt\"><p>El ingeniero Horacio Zamb\u00f3n, coordinador ejecutivo de la Unidad Provincial Coordinadora del Agua (UPCA), pormenoriz\u00f3 que \u201cla tendencia bajante\u201d del r\u00edo Paraguay \u201cva a continuar\u201d. <a class=\"mh-excerpt-more\" href=\"https:\/\/primiciasclorinda.com\/?p=28921\" title=\"R\u00edo Paraguay: Tendencia bajante que continuar\u00e1\">[&#8230;]<\/a><\/p>\n<\/div>","protected":false},"author":3,"featured_media":28922,"comment_status":"open","ping_status":"open","sticky":false,"template":"","format":"standard","meta":{"footnotes":""},"categories":[4,3],"tags":[26,94],"class_list":["post-28921","post","type-post","status-publish","format-standard","has-post-thumbnail","hentry","category-informacion-general","category-politica-economia","tag-clorinda","tag-rio-paraguay"],"_links":{"self":[{"href":"https:\/\/primiciasclorinda.com\/index.php?rest_route=\/wp\/v2\/posts\/28921","targetHints":{"allow":["GET"]}}],"collection":[{"href":"https:\/\/primiciasclorinda.com\/index.php?rest_route=\/wp\/v2\/posts"}],"about":[{"href":"https:\/\/primiciasclorinda.com\/index.php?rest_route=\/wp\/v2\/types\/post"}],"author":[{"embeddable":true,"href":"https:\/\/primiciasclorinda.com\/index.php?rest_route=\/wp\/v2\/users\/3"}],"replies":[{"embeddable":true,"href":"https:\/\/primiciasclorinda.com\/index.php?rest_route=%2Fwp%2Fv2%2Fcomments&post=28921"}],"version-history":[{"count":1,"href":"https:\/\/primiciasclorinda.com\/index.php?rest_route=\/wp\/v2\/posts\/28921\/revisions"}],"predecessor-version":[{"id":28923,"href":"https:\/\/primiciasclorinda.com\/index.php?rest_route=\/wp\/v2\/posts\/28921\/revisions\/28923"}],"wp:featuredmedia":[{"embeddable":true,"href":"https:\/\/primiciasclorinda.com\/index.php?rest_route=\/wp\/v2\/media\/28922"}],"wp:attachment":[{"href":"https:\/\/primiciasclorinda.com\/index.php?rest_route=%2Fwp%2Fv2%2Fmedia&parent=28921"}],"wp:term":[{"taxonomy":"category","embeddable":true,"href":"https:\/\/primiciasclorinda.com\/index.php?rest_route=%2Fwp%2Fv2%2Fcategories&post=28921"},{"taxonomy":"post_tag","embeddable":true,"href":"https:\/\/primiciasclorinda.com\/index.php?rest_route=%2Fwp%2Fv2%2Ftags&post=28921"}],"curies":[{"name":"wp","href":"https:\/\/api.w.org\/{rel}","templated":true}]}}