{"id":28470,"date":"2022-05-24T08:19:08","date_gmt":"2022-05-24T11:19:08","guid":{"rendered":"http:\/\/primiciasclorinda.com\/?p=28470"},"modified":"2022-05-24T08:19:08","modified_gmt":"2022-05-24T11:19:08","slug":"viruela-del-mono-el-caso-de-la-argentina-continua-siendo-solo-sospechoso-remarcan","status":"publish","type":"post","link":"https:\/\/primiciasclorinda.com\/?p=28470","title":{"rendered":"Viruela del mono: \u201cEl caso de la Argentina contin\u00faa siendo s\u00f3lo sospechoso\u201d, remarcan"},"content":{"rendered":"<p style=\"text-align: justify;\">El m\u00e9dico infect\u00f3logo Juli\u00e1n Bibolini se refiri\u00f3 a la enfermedad de la \u201cviruela del mono\u201d, ya que en las \u00faltimas horas, en la Argentina, se registr\u00f3 el primer caso sospechoso.<\/p>\n<p style=\"text-align: justify;\">Seg\u00fan datos recabados por AGENFOR, el doctor manifest\u00f3: \u201cEs una infecci\u00f3n causada por el virus de la viruela, pero en este caso no es el del ser humano \u2013que ya ha desaparecido hace mucho tiempo, por eso se dej\u00f3 de vacunar-, sino de animales\u201d.<\/p>\n<p style=\"text-align: justify;\">Y aclar\u00f3: \u201cAparentemente, ni siquiera seria de los monos, sino que estos se contagian al estar en contacto con otros animales que tienen la infecci\u00f3n y, despu\u00e9s, el ser humano tiene interacci\u00f3n con el mono y as\u00ed adquiere la infecci\u00f3n\u201d.<\/p>\n<p style=\"text-align: justify;\">Tambi\u00e9n, indic\u00f3 que \u201cla particularidad que tiene, es que se empez\u00f3 a diseminar m\u00e1s all\u00e1 del mono\u201d, recordando que \u201cno es la primera vez que se encuentra esta infecci\u00f3n, debido a que Europa registr\u00f3 casos en el 2018, 2019, 2021, pero en personas que hab\u00edan ido a \u00c1frica y que tuvieron contacto con los animales (por lo visto) infectados\u201d.<\/p>\n<p style=\"text-align: justify;\">\u201cCuando volvieron presentaron s\u00edntomas y era muy claro que esto estaba relacionado directamente con el viaje. En cambio ahora, hay muchas personas que est\u00e1n teniendo la enfermedad sin haber ido a ese destino y esto es lo que est\u00e1 llamado la atenci\u00f3n de la comunidad cient\u00edfica\u201d, se\u00f1al\u00f3.<\/p>\n<p style=\"text-align: justify;\">S\u00edntomas<\/p>\n<p style=\"text-align: justify;\">Respecto de los s\u00edntomas que la enfermedad causa, nombr\u00f3 a los gripales, como la fiebre y el decaimiento, a lo que se suma que \u201cpueden aparecer pruritos o p\u00fastulas en las manos, en la boca, en los genitales y en ese periodo es muy contagioso\u201d, alert\u00f3.<\/p>\n<p style=\"text-align: justify;\">Adem\u00e1s, llev\u00f3 tranquilidad al aclarar que \u201cno se transmite como el coronavirus, es decir de manera tan f\u00e1cil (en referencia a no mantener una cierta distancia)\u201d y a\u00f1adi\u00f3: \u201cRara vez causa mortalidad, la tasa no llega al 1%, pero siempre hay que estar atento para que no se disemine y se pueda cortar\u201d.<\/p>\n<p style=\"text-align: justify;\">Respecto del paciente infectado, inform\u00f3 que \u201cdebe estar asilado 21 d\u00edas\u201d y que lo ideal ser\u00eda que sus contactos estrechos tambi\u00e9n lo est\u00e9n, pero aclar\u00f3 que \u201cpara estos no es obligatorio\u201d.<\/p>\n<p style=\"text-align: justify;\">\u201cNo hay tratamiento exacto y preciso, solamente antinflamatorios o antifebriles\u201d, comunic\u00f3 Bibolini.<\/p>\n<p style=\"text-align: justify;\">En esa l\u00ednea, precis\u00f3 que \u201csiempre existen advertencias o avisos epidemiol\u00f3gicos a nivel mundial, despu\u00e9s al Ministerio de Naci\u00f3n y de ah\u00ed a las provincias\u201d y sostuvo que esto ocurre para \u201cque habitualmente se est\u00e9 atento, principalmente con los viajeros\u201d.<\/p>\n<p style=\"text-align: justify;\">Finalmente, remarc\u00f3 que \u201cdebemos estar en alerta\u201d, pero insisti\u00f3 en marcar que \u201cel caso de la Argentina contin\u00faa siendo s\u00f3lo sospechoso\u201d.<\/p>\n","protected":false},"excerpt":{"rendered":"<div class=\"mh-excerpt\"><p>El m\u00e9dico infect\u00f3logo Juli\u00e1n Bibolini se refiri\u00f3 a la enfermedad de la \u201cviruela del mono\u201d, ya que en las \u00faltimas horas, en la Argentina, se <a class=\"mh-excerpt-more\" href=\"https:\/\/primiciasclorinda.com\/?p=28470\" title=\"Viruela del mono: \u201cEl caso de la Argentina contin\u00faa siendo s\u00f3lo sospechoso\u201d, remarcan\">[&#8230;]<\/a><\/p>\n<\/div>","protected":false},"author":3,"featured_media":28449,"comment_status":"open","ping_status":"open","sticky":false,"template":"","format":"standard","meta":{"footnotes":""},"categories":[4,3],"tags":[23,3925],"class_list":["post-28470","post","type-post","status-publish","format-standard","has-post-thumbnail","hentry","category-informacion-general","category-politica-economia","tag-formosa","tag-viruela-del-mono"],"_links":{"self":[{"href":"https:\/\/primiciasclorinda.com\/index.php?rest_route=\/wp\/v2\/posts\/28470","targetHints":{"allow":["GET"]}}],"collection":[{"href":"https:\/\/primiciasclorinda.com\/index.php?rest_route=\/wp\/v2\/posts"}],"about":[{"href":"https:\/\/primiciasclorinda.com\/index.php?rest_route=\/wp\/v2\/types\/post"}],"author":[{"embeddable":true,"href":"https:\/\/primiciasclorinda.com\/index.php?rest_route=\/wp\/v2\/users\/3"}],"replies":[{"embeddable":true,"href":"https:\/\/primiciasclorinda.com\/index.php?rest_route=%2Fwp%2Fv2%2Fcomments&post=28470"}],"version-history":[{"count":1,"href":"https:\/\/primiciasclorinda.com\/index.php?rest_route=\/wp\/v2\/posts\/28470\/revisions"}],"predecessor-version":[{"id":28471,"href":"https:\/\/primiciasclorinda.com\/index.php?rest_route=\/wp\/v2\/posts\/28470\/revisions\/28471"}],"wp:featuredmedia":[{"embeddable":true,"href":"https:\/\/primiciasclorinda.com\/index.php?rest_route=\/wp\/v2\/media\/28449"}],"wp:attachment":[{"href":"https:\/\/primiciasclorinda.com\/index.php?rest_route=%2Fwp%2Fv2%2Fmedia&parent=28470"}],"wp:term":[{"taxonomy":"category","embeddable":true,"href":"https:\/\/primiciasclorinda.com\/index.php?rest_route=%2Fwp%2Fv2%2Fcategories&post=28470"},{"taxonomy":"post_tag","embeddable":true,"href":"https:\/\/primiciasclorinda.com\/index.php?rest_route=%2Fwp%2Fv2%2Ftags&post=28470"}],"curies":[{"name":"wp","href":"https:\/\/api.w.org\/{rel}","templated":true}]}}