{"id":2822,"date":"2016-07-01T17:39:50","date_gmt":"2016-07-01T17:39:50","guid":{"rendered":"http:\/\/primiciasclorinda.com\/?p=2822"},"modified":"2016-07-01T17:43:03","modified_gmt":"2016-07-01T17:43:03","slug":"la-fiesta-nacional-del-pomelo-sera-del-15-al-17-de-julio","status":"publish","type":"post","link":"https:\/\/primiciasclorinda.com\/?p=2822","title":{"rendered":"La Fiesta Nacional del Pomelo ser\u00e1 del 15 al 17 de Julio"},"content":{"rendered":"<figure id=\"attachment_2823\" aria-describedby=\"caption-attachment-2823\" style=\"width: 602px\" class=\"wp-caption alignnone\"><img loading=\"lazy\" decoding=\"async\" class=\"wp-image-2823 size-full\" src=\"http:\/\/primiciasclorinda.com\/wp-content\/uploads\/2016\/07\/lanzamiento-pomelo.jpg\" alt=\"lanzamiento pomelo\" width=\"602\" height=\"400\" srcset=\"https:\/\/primiciasclorinda.com\/wp-content\/uploads\/2016\/07\/lanzamiento-pomelo.jpg 602w, https:\/\/primiciasclorinda.com\/wp-content\/uploads\/2016\/07\/lanzamiento-pomelo-300x199.jpg 300w\" sizes=\"auto, (max-width: 602px) 100vw, 602px\" \/><figcaption id=\"caption-attachment-2823\" class=\"wp-caption-text\">Se present\u00f3 en capital una nueva edici\u00f3n de la Fiesta del Pomelo.<\/figcaption><\/figure>\n<p style=\"text-align: justify;\">En el sal\u00f3n \u201cLapacho Blanco\u201d del Hotel Howard Johnson se llev\u00f3 a cabo este viernes el lanzamiento oficial de la XXXIV Fiesta Nacional del Pomelo, que tendr\u00e1 lugar en la localidad de Laguna Blanca del 15 al 17 de Julio de este a\u00f1o, en el play\u00f3n municipal Evita.<\/p>\n<p style=\"text-align: justify;\"><!--more--><\/p>\n<p style=\"text-align: justify;\">Con una importante concurrencia de p\u00fablico se lanz\u00f3 esta tradicional propuesta recreativa de gran atracci\u00f3n para turistas de toda la regi\u00f3n y el Paraguay.<\/p>\n<p style=\"text-align: justify;\">Encabezaron el lanzamiento, el ministro de Turismo Ramiro Fern\u00e1ndez Patri, el Ministro de Producci\u00f3n y Ambiente Ra\u00fal Quintana, el diputado provincial Carlos Hugo Insfr\u00e1n, el intendente de Laguna Blanca Ricardo Lemos, el subsecretario de Cultura Alfredo Jara, el titular del PAIPPA, Carlos Sotelo.<\/p>\n<p style=\"text-align: justify;\">Al acto de presentaci\u00f3n asistieron adem\u00e1s otros ministros del Poder Ejecutivo, diputados provinciales, intendentes, concejales, empresarios gastron\u00f3micos, artistas, comerciantes, estudiantes de turismo, y la Reina Nacional del Pomelo que este a\u00f1o entregar\u00e1 el trono a su sucesora.<\/p>\n<p style=\"text-align: justify;\">Dentro de la fiesta habr\u00e1 propuestas m\u00e1s que atractivas, renov\u00e1ndose la gran mega-muestra comercial, industrial, fruti-horticola, ganadera, gastron\u00f3mica, artesanal, institucional, de servicios tur\u00edsticos y financieros. Es una propuesta ya arraigada en el calendario vacacional invernal destinada a la familia y ofrece un espacio con grandes atractivos, lo mejor del canto y la danza nacional, regional y local con un imponente escenario, alrededor del cual verdaderas escuelas de cocina ofrecer\u00e1n los mejores platos regionales.<\/p>\n<p style=\"text-align: justify;\">A los atractivos tur\u00edsticos de la zona se le sumar\u00e1n una serie de actividades, con lo cual se suma un aditamento m\u00e1s dentro de la presentaci\u00f3n como oferta tur\u00edstica para las vacaciones de invierno.<\/p>\n<p style=\"text-align: justify;\"><strong>Shows<\/strong><\/p>\n<p style=\"text-align: justify;\">Seg\u00fan se anticip\u00f3 actuar\u00e1n \u201cLa Cantada\u201d, \u201cGuitarreros\u201d, L\u00e1zaro Caballero Moreno, Nolberto Al K La, Ballet Folkl\u00f3rico Laguna Blanca, Pilcomayo, Luna Payesera, Quorum, anticip\u00e1ndose la presencia de Luciano Pereyra, Los Alonsitos y Los Tipitos entre otros artistas destacados en la escena nacional e internacional.<\/p>\n<p style=\"text-align: justify;\">Todas las noches participar\u00e1 \u201cEl Ensamble del Pilcomayo\u201d, con m\u00e1s de 40 m\u00fasicos de Laguna Blanca en escena.<\/p>\n<p style=\"text-align: justify;\">Como es tradicional se habilitar\u00e1 la \u201cExpo Pomelito\u201d y habr\u00e1 m\u00faltiples actividades tur\u00edsticas, deportivas, culturales, recreativas, como doma y jineteada.<\/p>\n","protected":false},"excerpt":{"rendered":"<div class=\"mh-excerpt\"><p>En el sal\u00f3n \u201cLapacho Blanco\u201d del Hotel Howard Johnson se llev\u00f3 a cabo este viernes el lanzamiento oficial de la XXXIV Fiesta Nacional del Pomelo, <a class=\"mh-excerpt-more\" href=\"https:\/\/primiciasclorinda.com\/?p=2822\" title=\"La Fiesta Nacional del Pomelo ser\u00e1 del 15 al 17 de Julio\">[&#8230;]<\/a><\/p>\n<\/div>","protected":false},"author":3,"featured_media":0,"comment_status":"open","ping_status":"open","sticky":false,"template":"","format":"standard","meta":{"footnotes":""},"categories":[4],"tags":[564,563,23,223],"class_list":["post-2822","post","type-post","status-publish","format-standard","hentry","category-informacion-general","tag-del-15-al-17-de-julio","tag-fiesta-del-pomelo","tag-formosa","tag-laguna-blanca"],"_links":{"self":[{"href":"https:\/\/primiciasclorinda.com\/index.php?rest_route=\/wp\/v2\/posts\/2822","targetHints":{"allow":["GET"]}}],"collection":[{"href":"https:\/\/primiciasclorinda.com\/index.php?rest_route=\/wp\/v2\/posts"}],"about":[{"href":"https:\/\/primiciasclorinda.com\/index.php?rest_route=\/wp\/v2\/types\/post"}],"author":[{"embeddable":true,"href":"https:\/\/primiciasclorinda.com\/index.php?rest_route=\/wp\/v2\/users\/3"}],"replies":[{"embeddable":true,"href":"https:\/\/primiciasclorinda.com\/index.php?rest_route=%2Fwp%2Fv2%2Fcomments&post=2822"}],"version-history":[{"count":3,"href":"https:\/\/primiciasclorinda.com\/index.php?rest_route=\/wp\/v2\/posts\/2822\/revisions"}],"predecessor-version":[{"id":2826,"href":"https:\/\/primiciasclorinda.com\/index.php?rest_route=\/wp\/v2\/posts\/2822\/revisions\/2826"}],"wp:attachment":[{"href":"https:\/\/primiciasclorinda.com\/index.php?rest_route=%2Fwp%2Fv2%2Fmedia&parent=2822"}],"wp:term":[{"taxonomy":"category","embeddable":true,"href":"https:\/\/primiciasclorinda.com\/index.php?rest_route=%2Fwp%2Fv2%2Fcategories&post=2822"},{"taxonomy":"post_tag","embeddable":true,"href":"https:\/\/primiciasclorinda.com\/index.php?rest_route=%2Fwp%2Fv2%2Ftags&post=2822"}],"curies":[{"name":"wp","href":"https:\/\/api.w.org\/{rel}","templated":true}]}}