{"id":27977,"date":"2022-04-13T17:33:39","date_gmt":"2022-04-13T20:33:39","guid":{"rendered":"http:\/\/primiciasclorinda.com\/?p=27977"},"modified":"2022-04-13T17:33:39","modified_gmt":"2022-04-13T20:33:39","slug":"la-inflacion-de-marzo-fue-de-67-y-es-la-cifra-mas-alta-en-los-ultimos-20-anos","status":"publish","type":"post","link":"https:\/\/primiciasclorinda.com\/?p=27977","title":{"rendered":"La inflaci\u00f3n de marzo fue de 6,7% y es la cifra m\u00e1s alta en los \u00faltimos 20 a\u00f1os"},"content":{"rendered":"<p style=\"text-align: justify;\">En lo que va del a\u00f1o acumula 16,1% y en los \u00faltimos 12 meses registra un 55,1% de incremento. La cifra igual\u00f3 al m\u00e1ximo registrado en el comienzo del gobierno de Mauricio Macri, medido por el IPC Congreso. Prev\u00e9n un 5% para abril y el Gobierno busca evitar que el dato anual supere el 60 por ciento.<\/p>\n<p style=\"text-align: justify;\">La inflaci\u00f3n de marzo fue de 6,7% y fue as\u00ed la cifra mensual m\u00e1s alta en los \u00faltimos 20 a\u00f1os, inform\u00f3 este mi\u00e9rcoles el Indec. De esta manera, la suba de precios acumulada en el primer trimestre del a\u00f1o fue de 16,1% y en los \u00faltimos doce meses alcanz\u00f3 el 55,1 por ciento.<\/p>\n<p style=\"text-align: justify;\">El \u00edndice de precios de marzo volvi\u00f3 a mostrar una fuerte aceleraci\u00f3n en relaci\u00f3n con febrero, en que el IPC hab\u00eda sido de 4,7% con un incremento muy pronunciado de los alimentos, de 7,5 por ciento. Para el tercer mes del a\u00f1o, los productos comestibles y bebidas tuvieron una suba mensual de 7,2 por ciento.<\/p>\n<p style=\"text-align: justify;\">La cifra dada a conocer este mi\u00e9rcoles por el organismo estad\u00edstico ubica as\u00ed a marzo entre las inflaciones mensuales m\u00e1s altas del siglo. La m\u00e1s elevada fue la de abril de 2002 (10,4%) como efecto de la crisis desatada un mes antes y el inicio de la salida de la convertibilidad que incluy\u00f3 una devaluaci\u00f3n del peso.<\/p>\n<p style=\"text-align: justify;\">M\u00e1s atr\u00e1s se registran el 6,7% de abril de 2016, de acuerdo al IPC Congreso, confeccionado por las principales consultoras econ\u00f3micas del pa\u00eds y tomado como referencia por todos los actores econ\u00f3micos. El Indec a\u00fan no hab\u00eda reestablecido la medici\u00f3n del IPC nacional tras el fin de la intervenci\u00f3n del organismo durante el kirchnerismo y eligi\u00f3 publicar como indicadores alternativos el IPC de la Ciudad de Buenos Aires (6,5%) y de San Luis (3,4 por ciento). El IPC actual se reanud\u00f3 en mayo de 2016. Tambi\u00e9n se destac\u00f3 el 6,5% de septiembre de 2018, luego de un fuerte episodio devaluatorio el mes anterior.<\/p>\n<p style=\"text-align: justify;\">El Gobierno ya admit\u00eda para marzo una cifra por encima del 6 por ciento. El Poder Ejecutivo atribuye el salto de los precios de los \u00faltimos dos meses a la crisis en los valores internacionales de los alimentos y la energ\u00eda como consecuencia de la guerra en Ucrania, y enumera otras econom\u00edas desarrolladas que tambi\u00e9n experimentan sus n\u00fameros de inflaci\u00f3n m\u00e1s altos en d\u00e9cadas. La Argentina, de todas formas, ya registra un problema de inflaci\u00f3n creciente hace al menos 15 a\u00f1os al considerar solo este siglo.<\/p>\n<p style=\"text-align: justify;\">El nuevo pico de suba de precios que se registr\u00f3 en marzo se dar\u00e1 en condiciones distintas. El d\u00f3lar no aparece como un elemento decisivo en la evoluci\u00f3n de los precios. De hecho, acumula un retroceso sostenido al observar los valores paralelos del tipo de cambio luego del acuerdo con el FMI. El d\u00f3lar blue, por ejemplo, es actualmente m\u00e1s barato que el \u00absolidario\u00bb.<\/p>\n<p style=\"text-align: justify;\">Adem\u00e1s, todav\u00eda no se activ\u00f3 una parte importante de los aumentos de tarifas previstos en el programa econ\u00f3mico acordado con ese organismo, lo que representar\u00e1, m\u00e1s a mitad de a\u00f1o, una fuente adicional de presi\u00f3n sobre el ritmo de precios. A pesar de esa situaci\u00f3n, algunas consultoras estiman que la primera parte del a\u00f1o ser\u00e1 la que tenga los n\u00fameros de inflaci\u00f3n m\u00e1s cr\u00edticos y que deber\u00eda tender a desacelerar en la segunda mitad, aunque siempre por encima de un piso de 3,5% mensual, seg\u00fan el Relevamiento de Expectativas de Mercado (REM) del Banco Central.<\/p>\n<p style=\"text-align: justify;\">Para marzo, eran pocas las consultoras que esperaban un salto de precios tan fuerte como el que se dio. El dato m\u00e1s alto de inflaci\u00f3n para marzo hab\u00eda sido el que arroj\u00f3 el \u00cdndice Estad\u00edstico de los Trabajadores (IET) de la Universidad Metropolitana para la Educaci\u00f3n y el Trabajo (UMET), el cual hab\u00eda estimado que la inflaci\u00f3n se dispar\u00f3 al 6,8%, impulsada por los precios de los alimentos, que crecieron hasta 9% durante ese mes.<\/p>\n<p style=\"text-align: justify;\">De acuerdo con el relevamiento de precios minoristas de C&amp;T Asesores para Gran Buenos Aires, en marzo se hab\u00eda registrado un aumento promedio mensual de 5,4 por ciento. A su vez, la variaci\u00f3n de los \u00faltimos 12 meses alcanz\u00f3 el 53,6 por ciento. Para la consultora, en marzo se combinaron incrementos estacionales habituales con el descongelamiento de varios precios y los efectos del conflicto en Ucrania. Educaci\u00f3n fue el rubro de mayor aumento mensual, algo que sucede todos los marzos por el comienzo de las clases.<\/p>\n<p style=\"text-align: justify;\">Seg\u00fan Focus Market, la inflaci\u00f3n se aceler\u00f3 con un piso del 5% para el tercer mes del a\u00f1o, mientras que los cap\u00edtulos de Transporte, Educaci\u00f3n, Salud, Alimentos y Bebidas y Vivienda estuvieron por encima del indicador general superando todos los casos el 5% de inflaci\u00f3n mensual. Desde Empiria indicaron que el \u00edndice de precios general cerr\u00f3 marzo por encima del 5% con fuerte impulso de alimentos y como consecuencia tambi\u00e9n de las correcciones tarifarias y la suba de combustibles que se concret\u00f3 este mes.<\/p>\n<p style=\"text-align: justify;\">Para abril los primeros n\u00fameros no son muy alentadores. Las consultoras proyectan que la suba de precios de abril est\u00e9n por encima del 5 por ciento. Es el caso de Eco Go, que calcul\u00f3 una inflaci\u00f3n de 5,5% con alzas en categor\u00edas como vivienda, educaci\u00f3n y salud, impulsadas por aumentos en expensas (cerca del 20%); prepagas (6%), trabajadoras de casas particulares (12%) y colegios de la Ciudad de Buenos Aires (9 por ciento).<\/p>\n<p style=\"text-align: justify;\">Las expectativas del Gobierno para este a\u00f1o fueron cambiando a medida que aceler\u00f3 el ritmo de precios. En un principio, el acuerdo con el Fondo Monetario previ\u00f3 una proyecci\u00f3n de inflaci\u00f3n para este a\u00f1o de entre 38 y 48%, es decir algunos puntos porcentuales por detr\u00e1s del 50,9% con que finaliz\u00f3 el 2021. Luego pas\u00f3 a un objetivo m\u00e1s modesto de poder terminar con un dato anual similar al del a\u00f1o pasado. Ya el dato de febrero hizo volar todas las previsiones y el arco se corri\u00f3. La nueva \u00abmeta\u00bb del Poder Ejecutivo es tratar de evitar que la escalada lleve a la inflaci\u00f3n por encima del 65%, un escenario ya posible entre algunas consultoras.<\/p>\n<p style=\"text-align: justify;\">El ministro de Econom\u00eda Mart\u00edn Guzm\u00e1n comenzar\u00e1 a discutir con las autoridades del Fondo Monetario, la semana que viene en la asamblea del organismo en Washington, el rec\u00e1lculo de algunas de las variables incluidas en el acuerdo y que, por la nueva situaci\u00f3n internacional, quedaron ya desactualizadas apenas comenz\u00f3 la vigencia del programa. La inflaci\u00f3n y el sendero de recorte de subsidios son algunas de ellas.<\/p>\n<p style=\"text-align: justify;\">Guerra contra la inflaci\u00f3n y tironeos internos<\/p>\n<p style=\"text-align: justify;\">El peor dato de inflaci\u00f3n en a\u00f1os llega en medio de una interna cada vez m\u00e1s expl\u00edcita en el Frente de Todos sobre la direcci\u00f3n que debe tomar la pol\u00edtica econ\u00f3mica y en la que el sector oficialista que responde a Cristina Kirchner pide, de forma m\u00e1s o menos el\u00edptica, la salida de los principales funcionarios del equipo econ\u00f3mico de Alberto Fern\u00e1ndez: Mart\u00edn Guzm\u00e1n y Mat\u00edas Kulfas.<\/p>\n<p style=\"text-align: justify;\">En ese ajedrez discursivo que juegan desde ambos lados, aparecen otros nombres en el tablero y que toman relevancia en medio de una discusi\u00f3n que tambi\u00e9n incluye diagn\u00f3sticos distintos sobre c\u00f3mo combatir la inflaci\u00f3n y su origen. El secretario de Comercio Interior Roberto Feletti y el gobernador bonaerense y ex ministro de Econom\u00eda Axel Kicillof se muestran, a su modo, como los funcionarios que encarnan una visi\u00f3n opuesta a la que lleva adelante Guzm\u00e1n.<\/p>\n<p style=\"text-align: justify;\">INFOBAE<\/p>\n","protected":false},"excerpt":{"rendered":"<div class=\"mh-excerpt\"><p>En lo que va del a\u00f1o acumula 16,1% y en los \u00faltimos 12 meses registra un 55,1% de incremento. La cifra igual\u00f3 al m\u00e1ximo registrado <a class=\"mh-excerpt-more\" href=\"https:\/\/primiciasclorinda.com\/?p=27977\" title=\"La inflaci\u00f3n de marzo fue de 6,7% y es la cifra m\u00e1s alta en los \u00faltimos 20 a\u00f1os\">[&#8230;]<\/a><\/p>\n<\/div>","protected":false},"author":3,"featured_media":27978,"comment_status":"open","ping_status":"open","sticky":false,"template":"","format":"standard","meta":{"footnotes":""},"categories":[4,3],"tags":[168,2788],"class_list":["post-27977","post","type-post","status-publish","format-standard","has-post-thumbnail","hentry","category-informacion-general","category-politica-economia","tag-inflacion","tag-record"],"_links":{"self":[{"href":"https:\/\/primiciasclorinda.com\/index.php?rest_route=\/wp\/v2\/posts\/27977","targetHints":{"allow":["GET"]}}],"collection":[{"href":"https:\/\/primiciasclorinda.com\/index.php?rest_route=\/wp\/v2\/posts"}],"about":[{"href":"https:\/\/primiciasclorinda.com\/index.php?rest_route=\/wp\/v2\/types\/post"}],"author":[{"embeddable":true,"href":"https:\/\/primiciasclorinda.com\/index.php?rest_route=\/wp\/v2\/users\/3"}],"replies":[{"embeddable":true,"href":"https:\/\/primiciasclorinda.com\/index.php?rest_route=%2Fwp%2Fv2%2Fcomments&post=27977"}],"version-history":[{"count":1,"href":"https:\/\/primiciasclorinda.com\/index.php?rest_route=\/wp\/v2\/posts\/27977\/revisions"}],"predecessor-version":[{"id":27979,"href":"https:\/\/primiciasclorinda.com\/index.php?rest_route=\/wp\/v2\/posts\/27977\/revisions\/27979"}],"wp:featuredmedia":[{"embeddable":true,"href":"https:\/\/primiciasclorinda.com\/index.php?rest_route=\/wp\/v2\/media\/27978"}],"wp:attachment":[{"href":"https:\/\/primiciasclorinda.com\/index.php?rest_route=%2Fwp%2Fv2%2Fmedia&parent=27977"}],"wp:term":[{"taxonomy":"category","embeddable":true,"href":"https:\/\/primiciasclorinda.com\/index.php?rest_route=%2Fwp%2Fv2%2Fcategories&post=27977"},{"taxonomy":"post_tag","embeddable":true,"href":"https:\/\/primiciasclorinda.com\/index.php?rest_route=%2Fwp%2Fv2%2Ftags&post=27977"}],"curies":[{"name":"wp","href":"https:\/\/api.w.org\/{rel}","templated":true}]}}