{"id":27947,"date":"2022-04-12T10:02:15","date_gmt":"2022-04-12T13:02:15","guid":{"rendered":"http:\/\/primiciasclorinda.com\/?p=27947"},"modified":"2022-04-12T10:02:15","modified_gmt":"2022-04-12T13:02:15","slug":"fiesta-nacional-de-la-corvina-de-rio-dieron-a-conocer-la-grilla-de-artistas","status":"publish","type":"post","link":"https:\/\/primiciasclorinda.com\/?p=27947","title":{"rendered":"Fiesta Nacional de la Corvina de R\u00edo: Dieron a conocer la grilla de artistas"},"content":{"rendered":"<p style=\"text-align: justify;\">La comisi\u00f3n organizadora dio a conocer la grilla de artistas que estar\u00e1n engalanando cada una de las tres noches que dura la Fiesta Nacional de la Corvina de R\u00edo, con fuertes apuestas musicales del \u00e1mbito provincial, nacional e internacional.<\/p>\n<p style=\"text-align: justify;\">Programaci\u00f3n del escenario principal<\/p>\n<p style=\"text-align: justify;\">Cada noche, la apertura del espect\u00e1culo musical estar\u00e1 a cargo del ballet folcl\u00f3rico de la municipalidad de Herradura y, por consiguiente, el d\u00eda viernes 29 de abril se presentar\u00e1n David D\u00edaz Marchetto, Tania Torres, Saurio Mart\u00ednez, Rodrigo Tapari, Carlitos Zacar\u00edas, Quorum, Mariel Olmedo, Yanina Godoy Tr\u00edo, Roque Martearena y D\u00fao, C\u00f3digo Vallenato y Luna Payesera.<\/p>\n<p style=\"text-align: justify;\">En la noche del s\u00e1bado 30 estar\u00e1n Hacheral, Antonella Mart\u00ednez, Inay, Tr\u00edo Formosa, Nahuel Penissi y Tito Avalos. Tambi\u00e9n se presentar\u00e1n Pablo R\u00edos y su G7, Hern\u00e1n Arias, Angela Garay, Alma Chaque\u00f1a y los Diferente\u2019s.<\/p>\n<p style=\"text-align: justify;\">El gran cierre del domingo 1 de mayo contar\u00e1 con la actuaci\u00f3n de los \u201cFestivaleros\u201d, el taller de arpas \u201cFormar Arpegios\u201d, Flor Paz, Malambo Femenino, Tekove, Coti Sorokin, Conjunto Soto- Godoy, Canto 4 y Peter Cantero.<\/p>\n<p style=\"text-align: justify;\">Espacio Joven<\/p>\n<p style=\"text-align: justify;\">Asimismo, como en todas las ediciones, se desarrollar\u00e1 tambi\u00e9n el escenario chico con artistas de amplia convocatoria en el \u00e1mbito juvenil. Entre ellos, se pueden mencionar a Black Dog, Funkosa, Changuito Formose\u00f1o, Lucas Va Con Onda, Rodrigo Vera Cuarteto, Dj Mat\u00edas Brunel y tambi\u00e9n a la formose\u00f1a tricampeona nacional de beatbox Gamuz. Entre otros.<\/p>\n<p style=\"text-align: justify;\">Cabe destacar que la entrada al espect\u00e1culo musical de cada noche es libre y gratuita.<\/p>\n<p style=\"text-align: justify;\">Por todo esto y m\u00e1s, la localidad de Herradura se prepara con altas expectativas para recibir a miles de personas en la XIX edici\u00f3n de la Fiesta Nacional de la Corvina de R\u00edo, que ser\u00e1 los d\u00edas 29 y 30 de abril y el 1 de mayo.<\/p>\n","protected":false},"excerpt":{"rendered":"<div class=\"mh-excerpt\"><p>La comisi\u00f3n organizadora dio a conocer la grilla de artistas que estar\u00e1n engalanando cada una de las tres noches que dura la Fiesta Nacional de <a class=\"mh-excerpt-more\" href=\"https:\/\/primiciasclorinda.com\/?p=27947\" title=\"Fiesta Nacional de la Corvina de R\u00edo: Dieron a conocer la grilla de artistas\">[&#8230;]<\/a><\/p>\n<\/div>","protected":false},"author":3,"featured_media":27948,"comment_status":"open","ping_status":"open","sticky":false,"template":"","format":"standard","meta":{"footnotes":""},"categories":[4,6],"tags":[851,23,16],"class_list":["post-27947","post","type-post","status-publish","format-standard","has-post-thumbnail","hentry","category-informacion-general","category-cultura","tag-fiesta-de-la-corvina","tag-formosa","tag-turismo"],"_links":{"self":[{"href":"https:\/\/primiciasclorinda.com\/index.php?rest_route=\/wp\/v2\/posts\/27947","targetHints":{"allow":["GET"]}}],"collection":[{"href":"https:\/\/primiciasclorinda.com\/index.php?rest_route=\/wp\/v2\/posts"}],"about":[{"href":"https:\/\/primiciasclorinda.com\/index.php?rest_route=\/wp\/v2\/types\/post"}],"author":[{"embeddable":true,"href":"https:\/\/primiciasclorinda.com\/index.php?rest_route=\/wp\/v2\/users\/3"}],"replies":[{"embeddable":true,"href":"https:\/\/primiciasclorinda.com\/index.php?rest_route=%2Fwp%2Fv2%2Fcomments&post=27947"}],"version-history":[{"count":1,"href":"https:\/\/primiciasclorinda.com\/index.php?rest_route=\/wp\/v2\/posts\/27947\/revisions"}],"predecessor-version":[{"id":27949,"href":"https:\/\/primiciasclorinda.com\/index.php?rest_route=\/wp\/v2\/posts\/27947\/revisions\/27949"}],"wp:featuredmedia":[{"embeddable":true,"href":"https:\/\/primiciasclorinda.com\/index.php?rest_route=\/wp\/v2\/media\/27948"}],"wp:attachment":[{"href":"https:\/\/primiciasclorinda.com\/index.php?rest_route=%2Fwp%2Fv2%2Fmedia&parent=27947"}],"wp:term":[{"taxonomy":"category","embeddable":true,"href":"https:\/\/primiciasclorinda.com\/index.php?rest_route=%2Fwp%2Fv2%2Fcategories&post=27947"},{"taxonomy":"post_tag","embeddable":true,"href":"https:\/\/primiciasclorinda.com\/index.php?rest_route=%2Fwp%2Fv2%2Ftags&post=27947"}],"curies":[{"name":"wp","href":"https:\/\/api.w.org\/{rel}","templated":true}]}}