{"id":2778,"date":"2016-06-27T15:17:36","date_gmt":"2016-06-27T15:17:36","guid":{"rendered":"http:\/\/primiciasclorinda.com\/?p=2778"},"modified":"2016-06-27T15:18:06","modified_gmt":"2016-06-27T15:18:06","slug":"2778","status":"publish","type":"post","link":"https:\/\/primiciasclorinda.com\/?p=2778","title":{"rendered":"Operadores de YPF aseguran que no faltar\u00e1 combustible pese al paro de petroleros"},"content":{"rendered":"<figure id=\"attachment_2779\" aria-describedby=\"caption-attachment-2779\" style=\"width: 424px\" class=\"wp-caption alignnone\"><img loading=\"lazy\" decoding=\"async\" class=\" wp-image-2779\" src=\"http:\/\/primiciasclorinda.com\/wp-content\/uploads\/2016\/06\/YPF.jpg\" alt=\"Combustible, un problema irresuelto para el Gobierno. \" width=\"424\" height=\"282\" srcset=\"https:\/\/primiciasclorinda.com\/wp-content\/uploads\/2016\/06\/YPF.jpg 380w, https:\/\/primiciasclorinda.com\/wp-content\/uploads\/2016\/06\/YPF-300x200.jpg 300w\" sizes=\"auto, (max-width: 424px) 100vw, 424px\" \/><figcaption id=\"caption-attachment-2779\" class=\"wp-caption-text\">Combustible, un problema irresuelto para el Gobierno.<\/figcaption><\/figure>\n<p style=\"text-align: justify;\">El presidente de la Asociaci\u00f3n de Operadores de YPF, Juan Pablo Fantini, asegur\u00f3 hoy que \u00abno van a faltar combustibles en el pa\u00eds\u00bb por el paro de 48 horas que anoche iniciaron algunos sindicatos de trabajadores petroleros, ya que explic\u00f3 que en el caso de las estaciones de servicio que comercializan las naftas y el gasoil de la petrolera nacional, el conflicto afecta a una de cada diez estaciones.<!--more--><\/p>\n<p style=\"text-align: justify;\">\u00abEl paro tiene alcance s\u00f3lo para las estaciones de servicio propias de YPF, que son 170 establecimientos de Oppesa (Operadoras de Servicio Sociedad An\u00f3nima). La red total de estaciones de YPF es de 1.560 y tiene varios gremios, y el que para es el Supeh (Sindicato Unido de Petroleros e Hidrocarburiferos) que tiene injerencia s\u00f3lo en las de Opessa\u00bb, explic\u00f3 Fantini a T\u00e9lam, al tiempo que subray\u00f3: \u00aben consecuencia, la medida de fuerza no va a afectar al mercado\u00bb.<\/p>\n<p style=\"text-align: justify;\">Los petroleros iniciaron anoche un paro por 48 horas, aunque en algunos lugares, como en Neuqu\u00e9n, se cumplir\u00e1 s\u00f3lo por 24 horas, mientras que en C\u00f3rdoba no hubo acatamiento.<\/p>\n<p style=\"text-align: justify;\">La actividad gremial petrolera est\u00e1 conformada por los sindicatos del Petr\u00f3leo y Gas Privado de R\u00edo Negro, Neuqu\u00e9n y La Pampa; de Santa Cruz; del Chubut; de Salta; y de Cuyo; por el Petrolero de C\u00f3rdoba; y por el de Petroleros Jer\u00e1rquicos de Tierra del Fuego.<\/p>\n<p style=\"text-align: justify;\">De acuerdo con las primeras informaciones sobre la medida de fuerza, el paro afecta a la producci\u00f3n en la mayor\u00eda de la provincias petroleras.<\/p>\n<p style=\"text-align: justify;\">Al respecto, Fantini destac\u00f3 que \u00abla gran mayor\u00eda de las estaciones de servicio de la red de YPF no est\u00e1 nucleada en el Supeh\u00bb, y precis\u00f3 que \u00ablos operadores privados tienen otros convenios\u00bb.<\/p>\n<p style=\"text-align: justify;\">\u00abLo \u00fanico que puede llegar a afectar es si los trabajadores deciden tomar alguna planta de abastecimiento\u00bb, estim\u00f3 el dirigente gremial empresario.<\/p>\n<p style=\"text-align: justify;\">YPF cuenta con una red de 1.560 estaciones de servicio, de las cuales la mayor\u00eda, 1.265, son de operadores privados, 173 son de la propia compa\u00f1\u00eda que las maneja a trav\u00e9s de Opessa; y el resto, 122, est\u00e1n bajo la \u00f3rbita del Autom\u00f3vil Club Argentino (ACA).<\/p>\n","protected":false},"excerpt":{"rendered":"<div class=\"mh-excerpt\"><p>El presidente de la Asociaci\u00f3n de Operadores de YPF, Juan Pablo Fantini, asegur\u00f3 hoy que \u00abno van a faltar combustibles en el pa\u00eds\u00bb por el <a class=\"mh-excerpt-more\" href=\"https:\/\/primiciasclorinda.com\/?p=2778\" title=\"Operadores de YPF aseguran que no faltar\u00e1 combustible pese al paro de petroleros\">[&#8230;]<\/a><\/p>\n<\/div>","protected":false},"author":3,"featured_media":0,"comment_status":"open","ping_status":"open","sticky":false,"template":"","format":"standard","meta":{"footnotes":""},"categories":[4],"tags":[138,555],"class_list":["post-2778","post","type-post","status-publish","format-standard","hentry","category-informacion-general","tag-combustibles","tag-ypf"],"_links":{"self":[{"href":"https:\/\/primiciasclorinda.com\/index.php?rest_route=\/wp\/v2\/posts\/2778","targetHints":{"allow":["GET"]}}],"collection":[{"href":"https:\/\/primiciasclorinda.com\/index.php?rest_route=\/wp\/v2\/posts"}],"about":[{"href":"https:\/\/primiciasclorinda.com\/index.php?rest_route=\/wp\/v2\/types\/post"}],"author":[{"embeddable":true,"href":"https:\/\/primiciasclorinda.com\/index.php?rest_route=\/wp\/v2\/users\/3"}],"replies":[{"embeddable":true,"href":"https:\/\/primiciasclorinda.com\/index.php?rest_route=%2Fwp%2Fv2%2Fcomments&post=2778"}],"version-history":[{"count":2,"href":"https:\/\/primiciasclorinda.com\/index.php?rest_route=\/wp\/v2\/posts\/2778\/revisions"}],"predecessor-version":[{"id":2781,"href":"https:\/\/primiciasclorinda.com\/index.php?rest_route=\/wp\/v2\/posts\/2778\/revisions\/2781"}],"wp:attachment":[{"href":"https:\/\/primiciasclorinda.com\/index.php?rest_route=%2Fwp%2Fv2%2Fmedia&parent=2778"}],"wp:term":[{"taxonomy":"category","embeddable":true,"href":"https:\/\/primiciasclorinda.com\/index.php?rest_route=%2Fwp%2Fv2%2Fcategories&post=2778"},{"taxonomy":"post_tag","embeddable":true,"href":"https:\/\/primiciasclorinda.com\/index.php?rest_route=%2Fwp%2Fv2%2Ftags&post=2778"}],"curies":[{"name":"wp","href":"https:\/\/api.w.org\/{rel}","templated":true}]}}