{"id":27544,"date":"2022-03-11T08:58:50","date_gmt":"2022-03-11T11:58:50","guid":{"rendered":"http:\/\/primiciasclorinda.com\/?p=27544"},"modified":"2022-03-11T08:58:50","modified_gmt":"2022-03-11T11:58:50","slug":"el-gobernador-insfran-se-reunio-con-manzur","status":"publish","type":"post","link":"https:\/\/primiciasclorinda.com\/?p=27544","title":{"rendered":"El gobernador Insfr\u00e1n se reuni\u00f3 con Manzur"},"content":{"rendered":"<p style=\"text-align: justify;\">En la ma\u00f1ana de este jueves, el gobernador de la provincia, Gildo Insfr\u00e1n, mantuvo una reuni\u00f3n de trabajo con el jefe de Gabinete de la Naci\u00f3n, Juan Luis Manzur.<\/p>\n<p style=\"text-align: justify;\">Seg\u00fan detall\u00f3 el mandatario, durante la reuni\u00f3n analizaron los avances de las obras que se est\u00e1n llevando a cabo en la provincia de Formosa.<\/p>\n<p style=\"text-align: justify;\">Adem\u00e1s, avanzaron en nuevos proyectos de infraestructura con impacto positivo en la calidad de vida, la econom\u00eda y el empleo de los formose\u00f1os y formose\u00f1as.<\/p>\n","protected":false},"excerpt":{"rendered":"<div class=\"mh-excerpt\"><p>En la ma\u00f1ana de este jueves, el gobernador de la provincia, Gildo Insfr\u00e1n, mantuvo una reuni\u00f3n de trabajo con el jefe de Gabinete de la <a class=\"mh-excerpt-more\" href=\"https:\/\/primiciasclorinda.com\/?p=27544\" title=\"El gobernador Insfr\u00e1n se reuni\u00f3 con Manzur\">[&#8230;]<\/a><\/p>\n<\/div>","protected":false},"author":3,"featured_media":27545,"comment_status":"open","ping_status":"open","sticky":false,"template":"","format":"standard","meta":{"footnotes":""},"categories":[3],"tags":[18,2489],"class_list":["post-27544","post","type-post","status-publish","format-standard","has-post-thumbnail","hentry","category-politica-economia","tag-gildo-insfran","tag-manzur"],"_links":{"self":[{"href":"https:\/\/primiciasclorinda.com\/index.php?rest_route=\/wp\/v2\/posts\/27544","targetHints":{"allow":["GET"]}}],"collection":[{"href":"https:\/\/primiciasclorinda.com\/index.php?rest_route=\/wp\/v2\/posts"}],"about":[{"href":"https:\/\/primiciasclorinda.com\/index.php?rest_route=\/wp\/v2\/types\/post"}],"author":[{"embeddable":true,"href":"https:\/\/primiciasclorinda.com\/index.php?rest_route=\/wp\/v2\/users\/3"}],"replies":[{"embeddable":true,"href":"https:\/\/primiciasclorinda.com\/index.php?rest_route=%2Fwp%2Fv2%2Fcomments&post=27544"}],"version-history":[{"count":1,"href":"https:\/\/primiciasclorinda.com\/index.php?rest_route=\/wp\/v2\/posts\/27544\/revisions"}],"predecessor-version":[{"id":27546,"href":"https:\/\/primiciasclorinda.com\/index.php?rest_route=\/wp\/v2\/posts\/27544\/revisions\/27546"}],"wp:featuredmedia":[{"embeddable":true,"href":"https:\/\/primiciasclorinda.com\/index.php?rest_route=\/wp\/v2\/media\/27545"}],"wp:attachment":[{"href":"https:\/\/primiciasclorinda.com\/index.php?rest_route=%2Fwp%2Fv2%2Fmedia&parent=27544"}],"wp:term":[{"taxonomy":"category","embeddable":true,"href":"https:\/\/primiciasclorinda.com\/index.php?rest_route=%2Fwp%2Fv2%2Fcategories&post=27544"},{"taxonomy":"post_tag","embeddable":true,"href":"https:\/\/primiciasclorinda.com\/index.php?rest_route=%2Fwp%2Fv2%2Ftags&post=27544"}],"curies":[{"name":"wp","href":"https:\/\/api.w.org\/{rel}","templated":true}]}}