{"id":27447,"date":"2022-03-03T09:27:21","date_gmt":"2022-03-03T12:27:21","guid":{"rendered":"http:\/\/primiciasclorinda.com\/?p=27447"},"modified":"2022-03-03T09:27:42","modified_gmt":"2022-03-03T12:27:42","slug":"rama-femenina-y-secretaria-de-la-mujer-del-pj-organizan-jornadas-de-sensibilizacion-por-el-mes-de-la-mujer","status":"publish","type":"post","link":"https:\/\/primiciasclorinda.com\/?p=27447","title":{"rendered":"Rama Femenina y Secretaria de la Mujer del PJ organizan jornadas de sensibilizaci\u00f3n por el \u00abMes de la Mujer\u00bb"},"content":{"rendered":"<p style=\"text-align: justify;\">Desde la Jurisdiccional Clorinda del Partido Justicialista informaron que, con motivo de conmemorarse en marzo el \u00abMes de la Mujer\u00bb, se realizar\u00e1n diferentes actividades durante todo el mes.<\/p>\n<p style=\"text-align: justify;\">La Concejal Mariza Canavesio, coment\u00f3 que se tienen previsto iniciar esta semana un ciclo de charlas de sensibilizaci\u00f3n orientadas a brindar capacitaci\u00f3n e informaci\u00f3n a las mujeres asistentes.<\/p>\n<p style=\"text-align: justify;\">Este jueves 3 y viernes 4, a partir de las 19 horas, en la sede habitual de encuentros del Frente de Todos ubicado en Avenida N\u00e9stor Kirchner y Rosa Schipper del complejo de viviendas se har\u00e1n las dos primeras jornadas con capacitaci\u00f3n e informaci\u00f3n sobre cuestiones relacionadas a la salud de la mujer, y cuestiones legales relacionadas a la familia. Las charlas estar\u00e1n a cargo de profesionales y especialistas en ambos campos.<\/p>\n<p style=\"text-align: justify;\">\u00abHoy es fundamental y primordial que la mujer est\u00e9 informada y capacitada para enfrentar situaciones tanto de salud como las relacionadas a la aspectos legales que la protegen en casos de violencia familiar, de g\u00e9nero o divorcios, separaciones de hecho, vivienda y dem\u00e1s; es por ello que, con las compa\u00f1eras del Frente de Todos, pensamos en este tipo de jornadas que sirven como herramientas para que las cong\u00e9neres puedan ejercer plenamente los derechos que por ley les corresponde\u00bb, expres\u00f3 la edil justicialista y destacada abogada del foro provincial.<\/p>\n<p style=\"text-align: justify;\">La invitaci\u00f3n es abierta, a toda persona que quiera participar, sin distinci\u00f3n alguna de bander\u00edas pol\u00edticas. Las siguientes actividades se ir\u00e1n dando a conocer en los pr\u00f3ximos d\u00edas. En caso de lluvia las primeras jornadas ser\u00e1n reprogramadas para fechas posteriores.<\/p>\n","protected":false},"excerpt":{"rendered":"<div class=\"mh-excerpt\"><p>Desde la Jurisdiccional Clorinda del Partido Justicialista informaron que, con motivo de conmemorarse en marzo el \u00abMes de la Mujer\u00bb, se realizar\u00e1n diferentes actividades durante <a class=\"mh-excerpt-more\" href=\"https:\/\/primiciasclorinda.com\/?p=27447\" title=\"Rama Femenina y Secretaria de la Mujer del PJ organizan jornadas de sensibilizaci\u00f3n por el \u00abMes de la Mujer\u00bb\">[&#8230;]<\/a><\/p>\n<\/div>","protected":false},"author":3,"featured_media":27448,"comment_status":"open","ping_status":"open","sticky":false,"template":"","format":"standard","meta":{"footnotes":""},"categories":[4,3],"tags":[26,353,298],"class_list":["post-27447","post","type-post","status-publish","format-standard","has-post-thumbnail","hentry","category-informacion-general","category-politica-economia","tag-clorinda","tag-dia-de-la-mujer","tag-pj"],"_links":{"self":[{"href":"https:\/\/primiciasclorinda.com\/index.php?rest_route=\/wp\/v2\/posts\/27447","targetHints":{"allow":["GET"]}}],"collection":[{"href":"https:\/\/primiciasclorinda.com\/index.php?rest_route=\/wp\/v2\/posts"}],"about":[{"href":"https:\/\/primiciasclorinda.com\/index.php?rest_route=\/wp\/v2\/types\/post"}],"author":[{"embeddable":true,"href":"https:\/\/primiciasclorinda.com\/index.php?rest_route=\/wp\/v2\/users\/3"}],"replies":[{"embeddable":true,"href":"https:\/\/primiciasclorinda.com\/index.php?rest_route=%2Fwp%2Fv2%2Fcomments&post=27447"}],"version-history":[{"count":2,"href":"https:\/\/primiciasclorinda.com\/index.php?rest_route=\/wp\/v2\/posts\/27447\/revisions"}],"predecessor-version":[{"id":27450,"href":"https:\/\/primiciasclorinda.com\/index.php?rest_route=\/wp\/v2\/posts\/27447\/revisions\/27450"}],"wp:featuredmedia":[{"embeddable":true,"href":"https:\/\/primiciasclorinda.com\/index.php?rest_route=\/wp\/v2\/media\/27448"}],"wp:attachment":[{"href":"https:\/\/primiciasclorinda.com\/index.php?rest_route=%2Fwp%2Fv2%2Fmedia&parent=27447"}],"wp:term":[{"taxonomy":"category","embeddable":true,"href":"https:\/\/primiciasclorinda.com\/index.php?rest_route=%2Fwp%2Fv2%2Fcategories&post=27447"},{"taxonomy":"post_tag","embeddable":true,"href":"https:\/\/primiciasclorinda.com\/index.php?rest_route=%2Fwp%2Fv2%2Ftags&post=27447"}],"curies":[{"name":"wp","href":"https:\/\/api.w.org\/{rel}","templated":true}]}}