{"id":26451,"date":"2021-12-02T19:54:36","date_gmt":"2021-12-02T22:54:36","guid":{"rendered":"http:\/\/primiciasclorinda.com\/?p=26451"},"modified":"2021-12-02T19:58:48","modified_gmt":"2021-12-02T22:58:48","slug":"clorinda-fallece-un-nino-de-7-anos-al-caer-de-un-arbol","status":"publish","type":"post","link":"https:\/\/primiciasclorinda.com\/?p=26451","title":{"rendered":"Clorinda: fallece un ni\u00f1o de 7 a\u00f1os al caer de un \u00e1rbol"},"content":{"rendered":"<p style=\"text-align: justify;\">De acuerdo a la informaci\u00f3n que pudo acceder este medio, el chico ingres\u00f3 a la guardia del hospital con lesiones graves ( traumatismo de torax), momento despu\u00e9s de haber tenido el accidente que le produjo un estado complejo.<\/p>\n<p style=\"text-align: justify;\">El accidente ocurri\u00f3 cerca de las 11 horas en el barrio El Porte\u00f1o Norte detr\u00e1s de la escuela N\u00b0 9, de urgencia lo llevaron a la sala del Barrio Porte\u00f1o Norte y\u00a0 de ah\u00ed lo derivaron al Hospital donde fallece pese a los intentos de los profesionales m\u00e9dicos.<\/p>\n","protected":false},"excerpt":{"rendered":"<div class=\"mh-excerpt\"><p>De acuerdo a la informaci\u00f3n que pudo acceder este medio, el chico ingres\u00f3 a la guardia del hospital con lesiones graves ( traumatismo de torax), <a class=\"mh-excerpt-more\" href=\"https:\/\/primiciasclorinda.com\/?p=26451\" title=\"Clorinda: fallece un ni\u00f1o de 7 a\u00f1os al caer de un \u00e1rbol\">[&#8230;]<\/a><\/p>\n<\/div>","protected":false},"author":3,"featured_media":19915,"comment_status":"open","ping_status":"open","sticky":false,"template":"","format":"standard","meta":{"footnotes":""},"categories":[4,10],"tags":[26,49],"class_list":["post-26451","post","type-post","status-publish","format-standard","has-post-thumbnail","hentry","category-informacion-general","category-policiales","tag-clorinda","tag-tragedia"],"_links":{"self":[{"href":"https:\/\/primiciasclorinda.com\/index.php?rest_route=\/wp\/v2\/posts\/26451","targetHints":{"allow":["GET"]}}],"collection":[{"href":"https:\/\/primiciasclorinda.com\/index.php?rest_route=\/wp\/v2\/posts"}],"about":[{"href":"https:\/\/primiciasclorinda.com\/index.php?rest_route=\/wp\/v2\/types\/post"}],"author":[{"embeddable":true,"href":"https:\/\/primiciasclorinda.com\/index.php?rest_route=\/wp\/v2\/users\/3"}],"replies":[{"embeddable":true,"href":"https:\/\/primiciasclorinda.com\/index.php?rest_route=%2Fwp%2Fv2%2Fcomments&post=26451"}],"version-history":[{"count":2,"href":"https:\/\/primiciasclorinda.com\/index.php?rest_route=\/wp\/v2\/posts\/26451\/revisions"}],"predecessor-version":[{"id":26453,"href":"https:\/\/primiciasclorinda.com\/index.php?rest_route=\/wp\/v2\/posts\/26451\/revisions\/26453"}],"wp:featuredmedia":[{"embeddable":true,"href":"https:\/\/primiciasclorinda.com\/index.php?rest_route=\/wp\/v2\/media\/19915"}],"wp:attachment":[{"href":"https:\/\/primiciasclorinda.com\/index.php?rest_route=%2Fwp%2Fv2%2Fmedia&parent=26451"}],"wp:term":[{"taxonomy":"category","embeddable":true,"href":"https:\/\/primiciasclorinda.com\/index.php?rest_route=%2Fwp%2Fv2%2Fcategories&post=26451"},{"taxonomy":"post_tag","embeddable":true,"href":"https:\/\/primiciasclorinda.com\/index.php?rest_route=%2Fwp%2Fv2%2Ftags&post=26451"}],"curies":[{"name":"wp","href":"https:\/\/api.w.org\/{rel}","templated":true}]}}