{"id":26412,"date":"2021-11-30T17:26:49","date_gmt":"2021-11-30T20:26:49","guid":{"rendered":"http:\/\/primiciasclorinda.com\/?p=26412"},"modified":"2021-11-30T17:26:49","modified_gmt":"2021-11-30T20:26:49","slug":"fue-inaugurado-el-sector-de-terapia-intermedia-en-el-hospital-central","status":"publish","type":"post","link":"https:\/\/primiciasclorinda.com\/?p=26412","title":{"rendered":"Fue inaugurado el sector de terapia intermedia en el hospital Central"},"content":{"rendered":"<p style=\"text-align: justify;\">Provisto con tecnolog\u00eda de avanzada y un calificado equipo de salud que estar\u00e1 a cargo del tratamiento de pacientes que necesitan de cuidados especiales y rehabilitaci\u00f3n.<\/p>\n<p style=\"text-align: justify;\">Gracias a una nueva inversi\u00f3n y decisi\u00f3n en materia sanitaria, el Gobierno de la Provincia, a trav\u00e9s del Ministerio de Desarrollo Humano, puso en funcionamiento el servicio de terapia intermedia en el Hospital Central, el cual ser\u00e1 destinado al abordaje de los pacientes que requieren de cuidados intermedios especiales.<\/p>\n<p style=\"text-align: justify;\">Est\u00e1 ubicado en el pabell\u00f3n \u201cMoratalla\u201d del nosocomio y cuenta con 18 camas, las cuales est\u00e1n dotadas de insumos, elementos y equipos de \u00faltima generaci\u00f3n para el monitoreo cardiol\u00f3gico del paciente, m\u00e1s equipos de ventilaci\u00f3n y respiradores mec\u00e1nicos.<\/p>\n<p style=\"text-align: justify;\">El Jefe del Servicio de Terapia Intensiva del Hospital Central, doctor Ariel Vega, agradeci\u00f3, en primer lugar, al Gobierno de la Provincia y al ministro An\u00edbal G\u00f3mez, titular de la cartera sanitaria provincial, por el respaldo y el acompa\u00f1amiento recibidos \u201cpara poder llevar adelante este desaf\u00edo, teniendo en cuenta que es una estrategia de trabajo clave y que tal vez, sea una de las primeras terapias intermedias creadas en la provincia\u201d, remarcando que \u201cnuestro hospital est\u00e1 siempre a la vanguardia, tratando de dar lo m\u00e1ximo por nuestros pacientes, tengan o no cobertura social\u201d.<\/p>\n<p style=\"text-align: justify;\">Seguidamente, coment\u00f3, que el sector de terapia de cuidados intermedios fue inaugurado para dar respuesta a los pacientes que, \u201csi bien superaron la etapa aguda del requerimiento de terapia intensiva, todav\u00eda no est\u00e1n en condiciones de estar en una sala com\u00fan porque requieren de cuidados especiales y, sobre todo, de rehabilitaci\u00f3n\u201d.<\/p>\n<p style=\"text-align: justify;\">Mencion\u00f3, que en dicha \u00e1rea ser\u00e1n tratadas, por ejemplo, \u201cpatolog\u00edas respiratorias cr\u00f3nicas\u201d, pacientes \u201cque estuvieron en asistencia respiratoria prolongada, o a quienes se les haya aplicado el procedimiento de traqueotom\u00eda, o requieran de cuidados especiales respiratorios\u201d.<\/p>\n<p style=\"text-align: justify;\">Tambi\u00e9n pacientes que sufrieron alguna patolog\u00eda neurocr\u00edtica, \u201cya sea por trauma, politrauma o por alguna patolog\u00eda vascular como infarto cerebral o hemorragia cerebral, que dejan secuelas neurol\u00f3gicas con compromiso respiratorio y son los que van a tener respuesta en esta unidad de cuidados intermedios\u201d.<\/p>\n<p style=\"text-align: justify;\">Explic\u00f3 que anteriormente, durante el pico de casos ocurridos este a\u00f1o por la pandemia en nuestra provincia, este sector hab\u00eda sido utilizado para ampliar el n\u00famero de camas para la atenci\u00f3n de pacientes COVID en estado cr\u00edtico\u201d, precisando que actualmente, debido al contexto sanitario favorable y a que no tienen pacientes internados, por coronavirus en el hospital, en el sector de terapia \u201cse cre\u00f3 esta unidad para la internaci\u00f3n de pacientes que necesitan tratamiento por patolog\u00edas cr\u00edticas cr\u00f3nicas y que, eventualmente, est\u00e1n con ventilaci\u00f3n mec\u00e1nica prolongada\u201d.<\/p>\n<p style=\"text-align: justify;\">Indic\u00f3 que, en este momento, el sector \u201cya tiene 5 pacientes internados\u201d, a quienes ya se les resolvi\u00f3 su patolog\u00eda aguda, pero se dificulta desvincularlos del respirador mec\u00e1nico y requieren de cuidados especiales, tanto respiratorios como neuromusculares\u201d.<\/p>\n<p style=\"text-align: justify;\">En relaci\u00f3n al equipo de salud que dar\u00e1 intervenci\u00f3n en el lugar, mencion\u00f3 que est\u00e1 compuesto por kinesi\u00f3logos, enfermeros y m\u00e9dicos especialistas en cuidados cr\u00edticos. En tanto, puso de resalto que, a su vez, se dar\u00e1 a estos profesionales un apoyo multidisciplinario \u201ccon especialistas en neurolog\u00eda, neumonolog\u00eda y de otras especialidades\u201d, que se ir\u00e1n ampliando de acuerdo a la demanda de atenci\u00f3n que necesite el paciente para su rehabilitaci\u00f3n.<\/p>\n<p style=\"text-align: justify;\">Para finalizar, indic\u00f3, por otra parte, que adem\u00e1s se implementar\u00e1 un horario extendido de visitas y \u201cuna educaci\u00f3n al familiar para que tenga un conocimiento cuando el paciente est\u00e9 en condiciones de pasar a sala o est\u00e9 de alta, a fin de que tengan herramientas y estrategias oportunas para darle un acompa\u00f1amiento adecuado, porque muchas veces quedan con secuelas que pueden ser severas\u201d.<\/p>\n","protected":false},"excerpt":{"rendered":"<div class=\"mh-excerpt\"><p>Provisto con tecnolog\u00eda de avanzada y un calificado equipo de salud que estar\u00e1 a cargo del tratamiento de pacientes que necesitan de cuidados especiales y <a class=\"mh-excerpt-more\" href=\"https:\/\/primiciasclorinda.com\/?p=26412\" title=\"Fue inaugurado el sector de terapia intermedia en el hospital Central\">[&#8230;]<\/a><\/p>\n<\/div>","protected":false},"author":3,"featured_media":26413,"comment_status":"open","ping_status":"open","sticky":false,"template":"","format":"standard","meta":{"footnotes":""},"categories":[4,3],"tags":[23,3746,881],"class_list":["post-26412","post","type-post","status-publish","format-standard","has-post-thumbnail","hentry","category-informacion-general","category-politica-economia","tag-formosa","tag-hospital-central","tag-salud"],"_links":{"self":[{"href":"https:\/\/primiciasclorinda.com\/index.php?rest_route=\/wp\/v2\/posts\/26412","targetHints":{"allow":["GET"]}}],"collection":[{"href":"https:\/\/primiciasclorinda.com\/index.php?rest_route=\/wp\/v2\/posts"}],"about":[{"href":"https:\/\/primiciasclorinda.com\/index.php?rest_route=\/wp\/v2\/types\/post"}],"author":[{"embeddable":true,"href":"https:\/\/primiciasclorinda.com\/index.php?rest_route=\/wp\/v2\/users\/3"}],"replies":[{"embeddable":true,"href":"https:\/\/primiciasclorinda.com\/index.php?rest_route=%2Fwp%2Fv2%2Fcomments&post=26412"}],"version-history":[{"count":1,"href":"https:\/\/primiciasclorinda.com\/index.php?rest_route=\/wp\/v2\/posts\/26412\/revisions"}],"predecessor-version":[{"id":26414,"href":"https:\/\/primiciasclorinda.com\/index.php?rest_route=\/wp\/v2\/posts\/26412\/revisions\/26414"}],"wp:featuredmedia":[{"embeddable":true,"href":"https:\/\/primiciasclorinda.com\/index.php?rest_route=\/wp\/v2\/media\/26413"}],"wp:attachment":[{"href":"https:\/\/primiciasclorinda.com\/index.php?rest_route=%2Fwp%2Fv2%2Fmedia&parent=26412"}],"wp:term":[{"taxonomy":"category","embeddable":true,"href":"https:\/\/primiciasclorinda.com\/index.php?rest_route=%2Fwp%2Fv2%2Fcategories&post=26412"},{"taxonomy":"post_tag","embeddable":true,"href":"https:\/\/primiciasclorinda.com\/index.php?rest_route=%2Fwp%2Fv2%2Ftags&post=26412"}],"curies":[{"name":"wp","href":"https:\/\/api.w.org\/{rel}","templated":true}]}}