{"id":26204,"date":"2021-11-14T19:06:53","date_gmt":"2021-11-14T22:06:53","guid":{"rendered":"http:\/\/primiciasclorinda.com\/?p=26204"},"modified":"2021-11-14T19:06:53","modified_gmt":"2021-11-14T22:06:53","slug":"alberto-fernandez-voto-le-envio-un-mensaje-a-la-oposicion-y-respaldo-a-su-gabinete-no-tengo-previsto-hacer-ningun-cambio","status":"publish","type":"post","link":"https:\/\/primiciasclorinda.com\/?p=26204","title":{"rendered":"Alberto Fern\u00e1ndez vot\u00f3, le envi\u00f3 un mensaje a la oposici\u00f3n y respald\u00f3 a su Gabinete: \u201cNo tengo previsto hacer ning\u00fan cambio\u201d"},"content":{"rendered":"<p style=\"text-align: justify;\">Tras emitir su voto en la Universidad Cat\u00f3lica Argentina, en Puerto Madero, el Presidente se mostr\u00f3 dispuesto a sellar un acuerdo pol\u00edtico para transitar los dos a\u00f1os que le quedan de mandato.<\/p>\n<p>Alberto Fern\u00e1ndez afronta un domingo clave. Las elecciones legislativas de hoy redefinir\u00e1n el futuro pol\u00edtico del pa\u00eds y la conformaci\u00f3n del Congreso para los dos a\u00f1os que le quedan de mandato presidencial.<\/p>\n<p style=\"text-align: justify;\">Advertido por el resultado de las PASO, el Presidente ahora apuesta al di\u00e1logo con la oposici\u00f3n y tras emitir su voto en la Universidad Cat\u00f3lica Argentina insisti\u00f3 en la necesidad de un nuevo acuerdo pol\u00edtico.<\/p>\n<p style=\"text-align: justify;\">\u201cSiempre hemos tenido el di\u00e1logo abierto con la oposici\u00f3n. En este momento el Congreso tiene 5 o 6 leyes que son producto del trabajo del Consejo Econ\u00f3mico y Social. Por lo tanto, el di\u00e1logo no es nuestro problema, siempre est\u00e1 abierto\u201d, insisti\u00f3 el Jefe de Estado al hablar con la prensa.<\/p>\n<p style=\"text-align: justify;\">Acompa\u00f1ado por su esposa Fabiola Ya\u00f1ez, Alberto record\u00f3: \u201cNo somos nosotros los que no queremos el di\u00e1logo\u201d. Y al ser indagado m\u00e1s en profundidad sobre el tema, se disculp\u00f3 ante los periodistas diciendo: \u201cNo puedo hablar mucho porque estamos en veda electoral\u201d.<\/p>\n<p style=\"text-align: justify;\">Rodeado por los periodistas que lo esperaban a la salida de la universidad, el Jefe de Estado destac\u00f3 que las elecciones legislativas \u201ctranscurren con normalidad\u201d en todo el pa\u00eds\u201d y le pidi\u00f3 a los argentinos que \u201cse expresen para construir el pa\u00eds que queremos\u201d.<\/p>\n<p style=\"text-align: justify;\">Vestido de pantal\u00f3n con una camisa celeste, un pantal\u00f3n de vestir azul y una campera liviana del mismo color, Alberto Fern\u00e1ndez celebr\u00f3 ser part\u00edcipe de una jornada democr\u00e1tica: \u201cHoy es un d\u00eda de democracia, siempre lo celebro. Cada d\u00eda que la Argentina vota es un d\u00eda valioso e importante\u201d.<\/p>\n<p style=\"text-align: justify;\">Luego de cumplir con su compromiso c\u00edvico, el Presidente brind\u00f3 una entrevista a radio La Red donde aclar\u00f3 que \u201cs\u00f3lo se trata de una elecci\u00f3n legislativa\u201d y que \u201cno es una elecci\u00f3n que determina cambios en el gobierno\u201d.<\/p>\n<p style=\"text-align: justify;\">En ese sentido, aclar\u00f3 que no habr\u00e1 modificaciones entre los hombres y mujeres que integran su Gabinete como s\u00ed lo hizo luego de la derrota en las PASO. \u201cNo tengo prevista hacer ning\u00fan cambio despu\u00e9s de la elecci\u00f3n\u201d, sentenci\u00f3.<\/p>\n<p style=\"text-align: justify;\">Y al ser consultado sobre el posible llamado a un acuerdo pol\u00edtica con la oposici\u00f3n este lunes, el Presidente se excus\u00f3 a responder por la veda electoral. \u201cCualquier cosa que yo diga puede ser interpretada por los votantes en un sentido y el otro\u201d.<\/p>\n<p style=\"text-align: justify;\">Ante una posible derrota en las urnas, trascendi\u00f3 que el Presidente busca convocar a los principales referentes de Juntos por el Cambio y los sectores m\u00e1s relevantes de la econom\u00eda.<\/p>\n<p style=\"text-align: justify;\">El encargado de los di\u00e1logos durante los \u00faltimos meses fue Sergio Massa por su rol en la C\u00e1mara de Diputados. Pero tambi\u00e9n desde La C\u00e1mpora M\u00e1ximo Kirchner y Eduardo \u201cWado\u201d de Pedro vienen discutiendo la posibilidad de impulsar un acuerdo post-electoral.<\/p>\n<p style=\"text-align: justify;\">Alberto Fern\u00e1ndez tambi\u00e9n planea convocar a los sindicatos y a los empresarios despu\u00e9s de las elecciones legislativas y en las \u00faltimas semanas dio algunos indicios en este sentido, con sendas reuniones sectoriales que tuvieron lugar en la Casa Rosada.<\/p>\n<p style=\"text-align: justify;\">Al ser consultado sobre si ser\u00e1 una semana convulsionada como lo fue luego de las PASO, con reuniones con distintos sectores del kirchnerismo, sus principales colaboradores y los gobernadores, el Presidente lo descart\u00f3 por completo. \u201cNo est\u00e1 previsto. Hay muchos problemas en la Argentina, hay que dedicarse a eso, a poner todo los esfuerzos en eso. Hay que seguir gobernando\u201d.<\/p>\n<p style=\"text-align: justify;\">Por \u00faltimo, dijo desconocer si Cristina Kirchner ir\u00e1 al b\u00fanker del Frente de Todo pero aclar\u00f3 que est\u00e1 en permanente di\u00e1logo con ella y que ayer hab\u00edan hablado por tel\u00e9fono. \u201cTenemos un buen v\u00ednculo. Nos conocemos hace muchos a\u00f1os\u201d, asegur\u00f3 para dar por cerrada las especulaciones sobre un posible distanciamiento luego del rev\u00e9s sufrido en las elecciones primarias.<\/p>\n<p style=\"text-align: justify;\">M\u00e1s temprano, se hab\u00eda mostrado molesto ante los periodistas que le hicieron esa consulta sobre la Vicepresidenta. \u201cEso preg\u00fantenselo a Cristina\u201d, respondi\u00f3 tajante.<\/p>\n<p style=\"text-align: justify;\">Fuente: Infobae.com<\/p>\n","protected":false},"excerpt":{"rendered":"<div class=\"mh-excerpt\"><p>Tras emitir su voto en la Universidad Cat\u00f3lica Argentina, en Puerto Madero, el Presidente se mostr\u00f3 dispuesto a sellar un acuerdo pol\u00edtico para transitar los <a class=\"mh-excerpt-more\" href=\"https:\/\/primiciasclorinda.com\/?p=26204\" title=\"Alberto Fern\u00e1ndez vot\u00f3, le envi\u00f3 un mensaje a la oposici\u00f3n y respald\u00f3 a su Gabinete: \u201cNo tengo previsto hacer ning\u00fan cambio\u201d\">[&#8230;]<\/a><\/p>\n<\/div>","protected":false},"author":3,"featured_media":26205,"comment_status":"open","ping_status":"open","sticky":false,"template":"","format":"standard","meta":{"footnotes":""},"categories":[3],"tags":[2467,3528],"class_list":["post-26204","post","type-post","status-publish","format-standard","has-post-thumbnail","hentry","category-politica-economia","tag-alberto-fernandez","tag-elecciones-2021"],"_links":{"self":[{"href":"https:\/\/primiciasclorinda.com\/index.php?rest_route=\/wp\/v2\/posts\/26204","targetHints":{"allow":["GET"]}}],"collection":[{"href":"https:\/\/primiciasclorinda.com\/index.php?rest_route=\/wp\/v2\/posts"}],"about":[{"href":"https:\/\/primiciasclorinda.com\/index.php?rest_route=\/wp\/v2\/types\/post"}],"author":[{"embeddable":true,"href":"https:\/\/primiciasclorinda.com\/index.php?rest_route=\/wp\/v2\/users\/3"}],"replies":[{"embeddable":true,"href":"https:\/\/primiciasclorinda.com\/index.php?rest_route=%2Fwp%2Fv2%2Fcomments&post=26204"}],"version-history":[{"count":1,"href":"https:\/\/primiciasclorinda.com\/index.php?rest_route=\/wp\/v2\/posts\/26204\/revisions"}],"predecessor-version":[{"id":26206,"href":"https:\/\/primiciasclorinda.com\/index.php?rest_route=\/wp\/v2\/posts\/26204\/revisions\/26206"}],"wp:featuredmedia":[{"embeddable":true,"href":"https:\/\/primiciasclorinda.com\/index.php?rest_route=\/wp\/v2\/media\/26205"}],"wp:attachment":[{"href":"https:\/\/primiciasclorinda.com\/index.php?rest_route=%2Fwp%2Fv2%2Fmedia&parent=26204"}],"wp:term":[{"taxonomy":"category","embeddable":true,"href":"https:\/\/primiciasclorinda.com\/index.php?rest_route=%2Fwp%2Fv2%2Fcategories&post=26204"},{"taxonomy":"post_tag","embeddable":true,"href":"https:\/\/primiciasclorinda.com\/index.php?rest_route=%2Fwp%2Fv2%2Ftags&post=26204"}],"curies":[{"name":"wp","href":"https:\/\/api.w.org\/{rel}","templated":true}]}}