{"id":25950,"date":"2021-10-26T08:42:26","date_gmt":"2021-10-26T11:42:26","guid":{"rendered":"http:\/\/primiciasclorinda.com\/?p=25950"},"modified":"2021-10-26T08:42:41","modified_gmt":"2021-10-26T11:42:41","slug":"caniza-se-refirio-al-aumento-del-10-de-los-sueldos-de-los-empleados-municipales","status":"publish","type":"post","link":"https:\/\/primiciasclorinda.com\/?p=25950","title":{"rendered":"Caniza se refiri\u00f3 al aumento del 10% de los sueldos de los empleados municipales"},"content":{"rendered":"<p style=\"text-align: justify;\">En la \u00faltima sesi\u00f3n del poder legislativo clorindense se termin\u00f3 de dar tratamiento y aprobar de manera un\u00e1nime el aumento del 10% para los municipales, con este aumento se llega a un acumulado del 52% en lo que va del a\u00f1o. Ariel Caniza, Presidente del HCD dialogo con los medios tras la sesi\u00f3n y se\u00f1al\u00f3 que adem\u00e1s ronda un 52 de aumento tambi\u00e9n en asignaciones especiales y 100% de asignaciones familiares, primeramente se realiz\u00f3 el estudio pertinente con la finalidad de poder garantizar de sostener estos pagos con el tiempo. \u201cEsta gesti\u00f3n siempre tomo con mucho cuidado cada uno de estos anuncios ya que es cuesti\u00f3n de ver que cuando se toman estas decisiones se puedan sostener en el tiempo, el empleado eso lo sabe\u201d se\u00f1al\u00f3 Caniza.<\/p>\n<p style=\"text-align: justify;\">VIVIENDAS<\/p>\n<p style=\"text-align: justify;\">Hace un tiempo el municipio clorindense estuvo cediendo terrenos del predio de la ex aviaci\u00f3n, estos fueron destinados para el IPV para futuras construcciones de viviendas, y durante la jornada del lunes se iniciaron los primeros trabajos en terreno para ir preparando el suelo con la finalidad de dejarlo en condiciones y que pr\u00f3ximamente pueda iniciarse la construcci\u00f3n de m\u00e1s viviendas para nuestra ciudad, sobre eso Caniza manifest\u00f3 que han estado viendo esas tareas y agreg\u00f3, \u201c cientos de familias clorindenses tendr\u00e1n la casa propia, un hermoso barrio cuando se concluyan esas obras y no pasara como a\u00f1os anteriores donde por caprichos pol\u00edticos de un sector se perdieron casi 250 viviendas, lo importante ahora es que se logr\u00f3 esa donaci\u00f3n de terreno y que comiencen las primeras tareas de preparaci\u00f3n de suelo\u201d.<\/p>\n<p style=\"text-align: justify;\">ILUMINACION<\/p>\n<p style=\"text-align: justify;\">D\u00edas atr\u00e1s el gobernador en su visita a la ciudad para inauguraci\u00f3n de obras, hab\u00eda pasado por la avenida Belgrano y all\u00ed por inmediaciones a la cancha de 17 de Agosto, de pasada hab\u00eda recordado tantas cosas vividas en ese lugar y de paso se realiz\u00f3 un pedido para colaborar con esa instituci\u00f3n y brindarles una lum\u00ednica algo que ya se cumpli\u00f3 a los pocos d\u00edas, en horas de la tarde Caniza acompa\u00f1\u00f3 a dirigentes del mencionado club y estuvieron verificando esta obra que era un sue\u00f1o para los fan\u00e1ticos de ese club y vecinos en general, \u201clos dirigentes est\u00e1n muy contentos y est\u00e1n viendo la posibilidad de hacer una activaci\u00f3n oficial para compartir su satisfacci\u00f3n, restan detalles que estaremos realizando por pedido de ellos y resaltar el apoyo e la gente de la empresa REFSA\u201d manifestaba el edil.<\/p>\n<p style=\"text-align: justify;\">GESTIONES<\/p>\n<p style=\"text-align: justify;\">Durante esta jornada, Caniza estar\u00e1 en la capital de la provincia para reunirse en primer t\u00e9rmino con la Ministra de Turismo por eventos que se aproximan como el regreso de la subsede del Pre Cosquin y adem\u00e1s abordar cuestiones para lo que se viene ya que el verano est\u00e1 cerca y se analizan varias alternativas, por otra parte se reunir\u00e1 con el Subsecretario de Deportes para gestionar aportes para las escuelas deportivas y clubes de la ciudad, manifest\u00f3.<\/p>\n","protected":false},"excerpt":{"rendered":"<div class=\"mh-excerpt\"><p>En la \u00faltima sesi\u00f3n del poder legislativo clorindense se termin\u00f3 de dar tratamiento y aprobar de manera un\u00e1nime el aumento del 10% para los municipales, <a class=\"mh-excerpt-more\" href=\"https:\/\/primiciasclorinda.com\/?p=25950\" title=\"Caniza se refiri\u00f3 al aumento del 10% de los sueldos de los empleados municipales\">[&#8230;]<\/a><\/p>\n<\/div>","protected":false},"author":3,"featured_media":25951,"comment_status":"open","ping_status":"open","sticky":false,"template":"","format":"standard","meta":{"footnotes":""},"categories":[3],"tags":[27,26,3528],"class_list":["post-25950","post","type-post","status-publish","format-standard","has-post-thumbnail","hentry","category-politica-economia","tag-ariel-caniza","tag-clorinda","tag-elecciones-2021"],"_links":{"self":[{"href":"https:\/\/primiciasclorinda.com\/index.php?rest_route=\/wp\/v2\/posts\/25950","targetHints":{"allow":["GET"]}}],"collection":[{"href":"https:\/\/primiciasclorinda.com\/index.php?rest_route=\/wp\/v2\/posts"}],"about":[{"href":"https:\/\/primiciasclorinda.com\/index.php?rest_route=\/wp\/v2\/types\/post"}],"author":[{"embeddable":true,"href":"https:\/\/primiciasclorinda.com\/index.php?rest_route=\/wp\/v2\/users\/3"}],"replies":[{"embeddable":true,"href":"https:\/\/primiciasclorinda.com\/index.php?rest_route=%2Fwp%2Fv2%2Fcomments&post=25950"}],"version-history":[{"count":2,"href":"https:\/\/primiciasclorinda.com\/index.php?rest_route=\/wp\/v2\/posts\/25950\/revisions"}],"predecessor-version":[{"id":25953,"href":"https:\/\/primiciasclorinda.com\/index.php?rest_route=\/wp\/v2\/posts\/25950\/revisions\/25953"}],"wp:featuredmedia":[{"embeddable":true,"href":"https:\/\/primiciasclorinda.com\/index.php?rest_route=\/wp\/v2\/media\/25951"}],"wp:attachment":[{"href":"https:\/\/primiciasclorinda.com\/index.php?rest_route=%2Fwp%2Fv2%2Fmedia&parent=25950"}],"wp:term":[{"taxonomy":"category","embeddable":true,"href":"https:\/\/primiciasclorinda.com\/index.php?rest_route=%2Fwp%2Fv2%2Fcategories&post=25950"},{"taxonomy":"post_tag","embeddable":true,"href":"https:\/\/primiciasclorinda.com\/index.php?rest_route=%2Fwp%2Fv2%2Ftags&post=25950"}],"curies":[{"name":"wp","href":"https:\/\/api.w.org\/{rel}","templated":true}]}}