{"id":25938,"date":"2021-10-25T15:47:45","date_gmt":"2021-10-25T18:47:45","guid":{"rendered":"http:\/\/primiciasclorinda.com\/?p=25938"},"modified":"2021-10-25T15:49:52","modified_gmt":"2021-10-25T18:49:52","slug":"informe-covid-fallecio-un-vecino-de-clorinda-y-se-detecto-un-solo-caso-nuevo-en-un-nino","status":"publish","type":"post","link":"https:\/\/primiciasclorinda.com\/?p=25938","title":{"rendered":"Informe COVID: falleci\u00f3 un vecino de Clorinda y se detect\u00f3 un solo caso nuevo en un ni\u00f1o"},"content":{"rendered":"<p style=\"text-align: justify;\">Este lunes, el Consejo de Atenci\u00f3n Integral de la Emergencia COVID 19 \u201cDr. Enrique Servi\u00e1n\u201d inform\u00f3 que, en las \u00faltimas 24 horas, falleci\u00f3 por coronavirus Francisco de 62 a\u00f1os, oriundo de Clorinda, por quien expresaron sus condolencias a familiares y seres queridos.<\/p>\n<p style=\"text-align: justify;\">Adem\u00e1s, se realizaron 857 test de vigilancia y b\u00fasqueda activa de casos que arrojaron un resultado positivo a coronavirus que corresponde a un ni\u00f1o de cinco a\u00f1os, contacto estrecho, residente en Colonia Presidente Irigoyen.<\/p>\n<p style=\"text-align: justify;\">Adem\u00e1s, este lunes se dar\u00e1 de alta m\u00e9dica a dos pacientes recuperados que corresponden a dos localidades.<\/p>\n<p style=\"text-align: justify;\">En ese contexto, al 25 de octubre de 2021, en la provincia de Formosa se diagnosticaron 63.948 casos de coronavirus, de los cuales 62.629 se recuperaron, 34 siguen activos, 1.218 fallecieron, 67 egresaron del territorio; y se realizaron 1.278.875 test con el 5% de positividad acumulada.<\/p>\n<p style=\"text-align: justify;\">En otro orden y continuando con el cronograma de vacunaci\u00f3n contra el COVID19 previsto para el mes de octubre, se record\u00f3 que, el domingo pasado recibieron la primera dosis de la vacuna SINOPHARM los ni\u00f1os de 5 a 11 a\u00f1os de las localidades de Riacho He H\u00e9, La Frontera, Loma Hermosa, El Recodo, Siete Palmas, Colonia La Primavera, Laguna Blanca, Colonia Jos\u00e9 Mar\u00eda Paz, Laguna Naineck, Villa Lucero, San Juan, Palma Sola y El Para\u00edso.<\/p>\n<p style=\"text-align: justify;\">Tambi\u00e9n recibieron en estas localidades la segunda dosis de PFIZER los adolescentes de 12 a 17 a\u00f1os que se hab\u00edan aplicado la primera dosis de la vacuna MODERNA hasta el d\u00eda 22 de septiembre inclusive en estas mismas localidades.<\/p>\n<p style=\"text-align: justify;\">Asimismo, en estas localidades, tambi\u00e9n recibieron la segunda dosis de la vacuna ASTRAZENECA quienes hab\u00edan recibido la primera dosis de esta vacuna hasta el 23 de septiembre inclusive y tambi\u00e9n reciben la segunda dosis las vacunas SINOPHARM Y SPUTNIK V, quienes hab\u00edan recibido la primera dosis de esta vacuna hasta el d\u00eda 30 de septiembre inclusive.<\/p>\n<p style=\"text-align: justify;\">Asimismo, este lunes, recibieron la segunda dosis de las vacunas ASTRAZENECA y COVISHIELD los residentes en la localidad de Formosa que se hayan aplicado la primera dosis de estas vacunas hasta el d\u00eda 24 de septiembre inclusive.<\/p>\n<p style=\"text-align: justify;\">A su vez, el pr\u00f3ximo martes 26, se aplicar\u00e1 la segunda dosis de la vacuna PFIZER a los adolescentes de 12 a 17 a\u00f1os residentes en la ciudad de Formosa que se hayan aplicado la primera dosis de la vacuna MODERNA o PFIZER hasta el d\u00eda 25 de septiembre inclusive, completando as\u00ed su esquema de vacunaci\u00f3n.<\/p>\n<p style=\"text-align: justify;\">Del mismo modo, podr\u00e1n acercarse para recibir la vacuna contra el COVID19 aquellos adolescentes de 12 a 17 a\u00f1os que a\u00fan tengan pendiente la aplicaci\u00f3n de la primera dosis de la vacuna PFIZER, as\u00ed como aquellas personas de 18 a\u00f1os en adelante que a\u00fan no se hayan vacunado.<\/p>\n","protected":false},"excerpt":{"rendered":"<div class=\"mh-excerpt\"><p>Este lunes, el Consejo de Atenci\u00f3n Integral de la Emergencia COVID 19 \u201cDr. Enrique Servi\u00e1n\u201d inform\u00f3 que, en las \u00faltimas 24 horas, falleci\u00f3 por coronavirus <a class=\"mh-excerpt-more\" href=\"https:\/\/primiciasclorinda.com\/?p=25938\" title=\"Informe COVID: falleci\u00f3 un vecino de Clorinda y se detect\u00f3 un solo caso nuevo en un ni\u00f1o\">[&#8230;]<\/a><\/p>\n<\/div>","protected":false},"author":3,"featured_media":25939,"comment_status":"open","ping_status":"open","sticky":false,"template":"","format":"standard","meta":{"footnotes":""},"categories":[4,3],"tags":[2870,3437],"class_list":["post-25938","post","type-post","status-publish","format-standard","has-post-thumbnail","hentry","category-informacion-general","category-politica-economia","tag-coronavirus","tag-covid9"],"_links":{"self":[{"href":"https:\/\/primiciasclorinda.com\/index.php?rest_route=\/wp\/v2\/posts\/25938","targetHints":{"allow":["GET"]}}],"collection":[{"href":"https:\/\/primiciasclorinda.com\/index.php?rest_route=\/wp\/v2\/posts"}],"about":[{"href":"https:\/\/primiciasclorinda.com\/index.php?rest_route=\/wp\/v2\/types\/post"}],"author":[{"embeddable":true,"href":"https:\/\/primiciasclorinda.com\/index.php?rest_route=\/wp\/v2\/users\/3"}],"replies":[{"embeddable":true,"href":"https:\/\/primiciasclorinda.com\/index.php?rest_route=%2Fwp%2Fv2%2Fcomments&post=25938"}],"version-history":[{"count":1,"href":"https:\/\/primiciasclorinda.com\/index.php?rest_route=\/wp\/v2\/posts\/25938\/revisions"}],"predecessor-version":[{"id":25940,"href":"https:\/\/primiciasclorinda.com\/index.php?rest_route=\/wp\/v2\/posts\/25938\/revisions\/25940"}],"wp:featuredmedia":[{"embeddable":true,"href":"https:\/\/primiciasclorinda.com\/index.php?rest_route=\/wp\/v2\/media\/25939"}],"wp:attachment":[{"href":"https:\/\/primiciasclorinda.com\/index.php?rest_route=%2Fwp%2Fv2%2Fmedia&parent=25938"}],"wp:term":[{"taxonomy":"category","embeddable":true,"href":"https:\/\/primiciasclorinda.com\/index.php?rest_route=%2Fwp%2Fv2%2Fcategories&post=25938"},{"taxonomy":"post_tag","embeddable":true,"href":"https:\/\/primiciasclorinda.com\/index.php?rest_route=%2Fwp%2Fv2%2Ftags&post=25938"}],"curies":[{"name":"wp","href":"https:\/\/api.w.org\/{rel}","templated":true}]}}