{"id":25681,"date":"2021-09-29T10:18:52","date_gmt":"2021-09-29T13:18:52","guid":{"rendered":"http:\/\/primiciasclorinda.com\/?p=25681"},"modified":"2021-09-29T10:18:52","modified_gmt":"2021-09-29T13:18:52","slug":"elecciones-2021-este-miercoles-vence-plazo-para-solicitud-de-reconocimiento-de-alianzas-de-lemas-y-sublemas","status":"publish","type":"post","link":"https:\/\/primiciasclorinda.com\/?p=25681","title":{"rendered":"Elecciones 2021: Este mi\u00e9rcoles vence plazo para solicitud de reconocimiento de alianzas de lemas y sublemas"},"content":{"rendered":"<p style=\"text-align: justify;\">Sandra Moreno, integrante del Tribunal Electoral Permanente (TEP) se refiri\u00f3 a los plazos del cronograma electoral provincial y nacional con vistas al d\u00eda 14 de noviembre de 2021 para la elecci\u00f3n de diputados nacionales, provinciales y concejales municipales.<\/p>\n<p style=\"text-align: justify;\">\u201cA partir de la convocatoria a elecciones simult\u00e1neas que realiz\u00f3 el gobernador de la provincia, Gildo Insfr\u00e1n, a trav\u00e9s de la firma del decreto N\u00b0122, se da inicio al cronograma electoral provincial para elegir diputados provinciales y concejales, ya que tambi\u00e9n se adhirieron los intendentes de las 37 localidades del territorio formose\u00f1o\u201d, explic\u00f3 en comunicaci\u00f3n con Agenfor.<\/p>\n<p style=\"text-align: justify;\">En este sentido, precis\u00f3 que este mi\u00e9rcoles 29 de septiembre vence el plazo para la solicitud de reconocimiento de las alianzas de lemas y sublemas, indicando que ya est\u00e1n confirmados el \u201cPartido Justicialista\u201d con 21 partidos aliados, \u201cLa Confederaci\u00f3n\u201d constituy\u00e9ndose como lema, la \u201cUni\u00f3n Fontanense\u201d, partido municipal, se constituy\u00f3 como lema con tres sublemas y \u201cPrincipios y Convicci\u00f3n\u201d tambi\u00e9n ha ratificado su participaci\u00f3n como lema, quedando a\u00fan un d\u00eda para la confirmaci\u00f3n de los dem\u00e1s partidos.<\/p>\n<p style=\"text-align: justify;\">El siguiente plazo en el \u00e1mbito provincial es el 10 de octubre para registrar a los candidatos de las listas de diputados provinciales y concejales, con la consecuente oficializaci\u00f3n de estos, aclar\u00f3.<\/p>\n<p style=\"text-align: justify;\">Y se\u00f1al\u00f3 que en el \u00e1mbito nacional, el jueves 30 de septiembre es la fecha l\u00edmite para que, quienes superaron las elecciones PASO, se registren como \u201ccandidatos ante el Juzgado Federal con competencia electoral, para los cargos de diputado nacional\u201d.<\/p>\n<p style=\"text-align: justify;\">Trabajo en torno a las boletas<\/p>\n<p style=\"text-align: justify;\">Teniendo en cuenta que en estas elecciones generales, ser\u00e1n comicios provinciales y nacionales, hizo saber que se firm\u00f3 un convenio con el Juzgado Federal para la recepci\u00f3n de boletas y control de las mismas, con la registraci\u00f3n de diputados nacionales y luego, la lista de provinciales y concejales.<\/p>\n<p style=\"text-align: justify;\">Y tambi\u00e9n lo referido al sellado de los modelos de boletas que van dentro de la urna para el control de las autoridades de mesa y luego poder comparar con las que llevan los fiscales el d\u00eda de la elecci\u00f3n, cerr\u00f3.<\/p>\n","protected":false},"excerpt":{"rendered":"<div class=\"mh-excerpt\"><p>Sandra Moreno, integrante del Tribunal Electoral Permanente (TEP) se refiri\u00f3 a los plazos del cronograma electoral provincial y nacional con vistas al d\u00eda 14 de <a class=\"mh-excerpt-more\" href=\"https:\/\/primiciasclorinda.com\/?p=25681\" title=\"Elecciones 2021: Este mi\u00e9rcoles vence plazo para solicitud de reconocimiento de alianzas de lemas y sublemas\">[&#8230;]<\/a><\/p>\n<\/div>","protected":false},"author":3,"featured_media":25682,"comment_status":"open","ping_status":"open","sticky":false,"template":"","format":"standard","meta":{"footnotes":""},"categories":[3],"tags":[3528,58],"class_list":["post-25681","post","type-post","status-publish","format-standard","has-post-thumbnail","hentry","category-politica-economia","tag-elecciones-2021","tag-gobierno-de-formosa"],"_links":{"self":[{"href":"https:\/\/primiciasclorinda.com\/index.php?rest_route=\/wp\/v2\/posts\/25681","targetHints":{"allow":["GET"]}}],"collection":[{"href":"https:\/\/primiciasclorinda.com\/index.php?rest_route=\/wp\/v2\/posts"}],"about":[{"href":"https:\/\/primiciasclorinda.com\/index.php?rest_route=\/wp\/v2\/types\/post"}],"author":[{"embeddable":true,"href":"https:\/\/primiciasclorinda.com\/index.php?rest_route=\/wp\/v2\/users\/3"}],"replies":[{"embeddable":true,"href":"https:\/\/primiciasclorinda.com\/index.php?rest_route=%2Fwp%2Fv2%2Fcomments&post=25681"}],"version-history":[{"count":1,"href":"https:\/\/primiciasclorinda.com\/index.php?rest_route=\/wp\/v2\/posts\/25681\/revisions"}],"predecessor-version":[{"id":25683,"href":"https:\/\/primiciasclorinda.com\/index.php?rest_route=\/wp\/v2\/posts\/25681\/revisions\/25683"}],"wp:featuredmedia":[{"embeddable":true,"href":"https:\/\/primiciasclorinda.com\/index.php?rest_route=\/wp\/v2\/media\/25682"}],"wp:attachment":[{"href":"https:\/\/primiciasclorinda.com\/index.php?rest_route=%2Fwp%2Fv2%2Fmedia&parent=25681"}],"wp:term":[{"taxonomy":"category","embeddable":true,"href":"https:\/\/primiciasclorinda.com\/index.php?rest_route=%2Fwp%2Fv2%2Fcategories&post=25681"},{"taxonomy":"post_tag","embeddable":true,"href":"https:\/\/primiciasclorinda.com\/index.php?rest_route=%2Fwp%2Fv2%2Ftags&post=25681"}],"curies":[{"name":"wp","href":"https:\/\/api.w.org\/{rel}","templated":true}]}}