{"id":25611,"date":"2021-09-20T17:53:14","date_gmt":"2021-09-20T20:53:14","guid":{"rendered":"http:\/\/primiciasclorinda.com\/?p=25611"},"modified":"2021-09-20T17:53:14","modified_gmt":"2021-09-20T20:53:14","slug":"fernandez-no-somos-parte-del-pais-que-quiere-flexibilizar-derechos-de-los-que-trabajan","status":"publish","type":"post","link":"https:\/\/primiciasclorinda.com\/?p=25611","title":{"rendered":"Fern\u00e1ndez: \u00abNo somos parte del pa\u00eds que quiere flexibilizar derechos de los que trabajan\u00bb"},"content":{"rendered":"<p style=\"text-align: justify;\">\u00abCuando la gente no nos vota nos enojamos con nosotros y no con la gente\u00bb, a la vez que destac\u00f3 que en la coalici\u00f3n de gobierno los debates se dan \u00abde cara a la gente\u00bb, argument\u00f3 tambi\u00e9n el Presidente al encabezar el acto de jura de los nuevos ministros.<\/p>\n<p style=\"text-align: justify;\">El presidente Alberto Fern\u00e1ndez afirm\u00f3 este kunes que en el Frente de Todos \u00abcuando la gente no nos vota nos enojamos con nosotros y no con la gente\u00bb, a la vez que destac\u00f3 que en la coalici\u00f3n de gobierno los debates se dan \u00abde cara a la gente\u00bb.\u00bbNo me ver\u00e1n atrapado en disputas innecesarias ni en disputas internas\u00bb, agreg\u00f3 Fern\u00e1ndez.<\/p>\n<p style=\"text-align: justify;\">Lo dijo al encabezar el acto de jura de sus nuevos ministros en la Casa de Gobierno.<\/p>\n<p style=\"text-align: justify;\">Fern\u00e1ndez asegur\u00f3 adem\u00e1s que el Frente de Todos le preocupa \u00abm\u00e1s un movimiento pol\u00edtico que no discute que un movimiento pol\u00edtico que reflexiona\u00bb, por lo que destac\u00f3 que en el oficialismo se debate \u00abde cara a la gente\u00bb.<\/p>\n<p style=\"text-align: justify;\">\u00abNo somos parte del pa\u00eds que quiere flexibilizar derechos de los que trabajan\u00bb, afirm\u00f3 el jefe de Estado, quien plante\u00f3 que hay \u00abdos pa\u00edses en pugna\u00bb y el del Frente de Todos \u00abno es el que se despreocupa de la salud p\u00fablica y abandona a los argentinos a su suerte\u00bb.<\/p>\n<p style=\"text-align: justify;\">\u00abQuiero darles las gracias honestamente, han sido funcionarios ejemplares\u00bb, dijo el Presidente destacando la labor de los funcionarios salientes.<\/p>\n<p style=\"text-align: justify;\">Finalmente Fern\u00e1ndez asegur\u00f3 que \u00abvamos a recuperar el di\u00e1logo que la pandemia nos hizo perder\u00bb y valor\u00f3 a los nuevos ministros que se incorporan al Gabinete nacional.<\/p>\n","protected":false},"excerpt":{"rendered":"<div class=\"mh-excerpt\"><p>\u00abCuando la gente no nos vota nos enojamos con nosotros y no con la gente\u00bb, a la vez que destac\u00f3 que en la coalici\u00f3n de <a class=\"mh-excerpt-more\" href=\"https:\/\/primiciasclorinda.com\/?p=25611\" title=\"Fern\u00e1ndez: \u00abNo somos parte del pa\u00eds que quiere flexibilizar derechos de los que trabajan\u00bb\">[&#8230;]<\/a><\/p>\n<\/div>","protected":false},"author":3,"featured_media":25612,"comment_status":"open","ping_status":"open","sticky":false,"template":"","format":"standard","meta":{"footnotes":""},"categories":[3],"tags":[2467,3693],"class_list":["post-25611","post","type-post","status-publish","format-standard","has-post-thumbnail","hentry","category-politica-economia","tag-alberto-fernandez","tag-cambios-en-el-gabinete"],"_links":{"self":[{"href":"https:\/\/primiciasclorinda.com\/index.php?rest_route=\/wp\/v2\/posts\/25611","targetHints":{"allow":["GET"]}}],"collection":[{"href":"https:\/\/primiciasclorinda.com\/index.php?rest_route=\/wp\/v2\/posts"}],"about":[{"href":"https:\/\/primiciasclorinda.com\/index.php?rest_route=\/wp\/v2\/types\/post"}],"author":[{"embeddable":true,"href":"https:\/\/primiciasclorinda.com\/index.php?rest_route=\/wp\/v2\/users\/3"}],"replies":[{"embeddable":true,"href":"https:\/\/primiciasclorinda.com\/index.php?rest_route=%2Fwp%2Fv2%2Fcomments&post=25611"}],"version-history":[{"count":1,"href":"https:\/\/primiciasclorinda.com\/index.php?rest_route=\/wp\/v2\/posts\/25611\/revisions"}],"predecessor-version":[{"id":25613,"href":"https:\/\/primiciasclorinda.com\/index.php?rest_route=\/wp\/v2\/posts\/25611\/revisions\/25613"}],"wp:featuredmedia":[{"embeddable":true,"href":"https:\/\/primiciasclorinda.com\/index.php?rest_route=\/wp\/v2\/media\/25612"}],"wp:attachment":[{"href":"https:\/\/primiciasclorinda.com\/index.php?rest_route=%2Fwp%2Fv2%2Fmedia&parent=25611"}],"wp:term":[{"taxonomy":"category","embeddable":true,"href":"https:\/\/primiciasclorinda.com\/index.php?rest_route=%2Fwp%2Fv2%2Fcategories&post=25611"},{"taxonomy":"post_tag","embeddable":true,"href":"https:\/\/primiciasclorinda.com\/index.php?rest_route=%2Fwp%2Fv2%2Ftags&post=25611"}],"curies":[{"name":"wp","href":"https:\/\/api.w.org\/{rel}","templated":true}]}}