{"id":25608,"date":"2021-09-18T19:46:57","date_gmt":"2021-09-18T22:46:57","guid":{"rendered":"http:\/\/primiciasclorinda.com\/?p=25608"},"modified":"2021-09-18T19:46:57","modified_gmt":"2021-09-18T22:46:57","slug":"estatales-percibiran-haberes-de-septiembre-con-el-10-de-aumento","status":"publish","type":"post","link":"https:\/\/primiciasclorinda.com\/?p=25608","title":{"rendered":"Estatales percibir\u00e1n haberes de septiembre con el 10% de aumento"},"content":{"rendered":"<p style=\"text-align: justify;\">Se trata del \u00faltimo tramo del aumento del 42% que hab\u00eda establecido el gobierno provincial en marzo de 2021.<\/p>\n<p style=\"text-align: justify;\">El ministerio de Econom\u00eda, Hacienda y Finanzas anunci\u00f3 el pago de haberes de septiembre a estatales, remuneraciones que incluyen el incremento del 10% correspondiente al tercer tramo del aumento del 42% anunciado en marzo.<\/p>\n<p style=\"text-align: justify;\">El d\u00eda 27 de septiembre comenzar\u00e1 a cobrar el personal pasivo con terminaciones de DNI 0,1, 2 y 3, el 28 lo har\u00e1n aquellos con DNI finalizados en 4,5 y 6, culminando el 29 de septiembre con 7,8 y 9.<\/p>\n<p style=\"text-align: justify;\">El personal en actividad comenzar\u00e1 a percibir inmediatamente el d\u00eda jueves 30 de septiembre comenzando con terminaci\u00f3n 0,1, 2 y 3, continuando el 1 de octubre con 4,5 y 6 y concluyendo el s\u00e1bado 2 con 7,8 y 9.<\/p>\n<p style=\"text-align: justify;\">Ante este panorama, el Tesoro Provincial proyecta desembolsar una cifra aproximada a 4.700 millones de pesos con cargo al rubro Personal y Pasividades de la Administraci\u00f3n General, que incluye adem\u00e1s las transferencias a las entidades educativas de gesti\u00f3n privada.<\/p>\n<p style=\"text-align: justify;\">\u201cLa financiaci\u00f3n de los rubros presupuestarios alcanzados se ejecutar\u00e1 exclusivamente con recursos corrientes, es decir no provenientes de tr\u00e1mites de endeudamiento\u201d se aclar\u00f3.<\/p>\n","protected":false},"excerpt":{"rendered":"<div class=\"mh-excerpt\"><p>Se trata del \u00faltimo tramo del aumento del 42% que hab\u00eda establecido el gobierno provincial en marzo de 2021. El ministerio de Econom\u00eda, Hacienda y <a class=\"mh-excerpt-more\" href=\"https:\/\/primiciasclorinda.com\/?p=25608\" title=\"Estatales percibir\u00e1n haberes de septiembre con el 10% de aumento\">[&#8230;]<\/a><\/p>\n<\/div>","protected":false},"author":3,"featured_media":25609,"comment_status":"open","ping_status":"open","sticky":false,"template":"","format":"standard","meta":{"footnotes":""},"categories":[4,3],"tags":[58,2162,60],"class_list":["post-25608","post","type-post","status-publish","format-standard","has-post-thumbnail","hentry","category-informacion-general","category-politica-economia","tag-gobierno-de-formosa","tag-haberes","tag-sueldos"],"_links":{"self":[{"href":"https:\/\/primiciasclorinda.com\/index.php?rest_route=\/wp\/v2\/posts\/25608","targetHints":{"allow":["GET"]}}],"collection":[{"href":"https:\/\/primiciasclorinda.com\/index.php?rest_route=\/wp\/v2\/posts"}],"about":[{"href":"https:\/\/primiciasclorinda.com\/index.php?rest_route=\/wp\/v2\/types\/post"}],"author":[{"embeddable":true,"href":"https:\/\/primiciasclorinda.com\/index.php?rest_route=\/wp\/v2\/users\/3"}],"replies":[{"embeddable":true,"href":"https:\/\/primiciasclorinda.com\/index.php?rest_route=%2Fwp%2Fv2%2Fcomments&post=25608"}],"version-history":[{"count":1,"href":"https:\/\/primiciasclorinda.com\/index.php?rest_route=\/wp\/v2\/posts\/25608\/revisions"}],"predecessor-version":[{"id":25610,"href":"https:\/\/primiciasclorinda.com\/index.php?rest_route=\/wp\/v2\/posts\/25608\/revisions\/25610"}],"wp:featuredmedia":[{"embeddable":true,"href":"https:\/\/primiciasclorinda.com\/index.php?rest_route=\/wp\/v2\/media\/25609"}],"wp:attachment":[{"href":"https:\/\/primiciasclorinda.com\/index.php?rest_route=%2Fwp%2Fv2%2Fmedia&parent=25608"}],"wp:term":[{"taxonomy":"category","embeddable":true,"href":"https:\/\/primiciasclorinda.com\/index.php?rest_route=%2Fwp%2Fv2%2Fcategories&post=25608"},{"taxonomy":"post_tag","embeddable":true,"href":"https:\/\/primiciasclorinda.com\/index.php?rest_route=%2Fwp%2Fv2%2Ftags&post=25608"}],"curies":[{"name":"wp","href":"https:\/\/api.w.org\/{rel}","templated":true}]}}