{"id":25336,"date":"2021-08-23T09:33:09","date_gmt":"2021-08-23T12:33:09","guid":{"rendered":"http:\/\/primiciasclorinda.com\/?p=25336"},"modified":"2021-08-23T09:33:09","modified_gmt":"2021-08-23T12:33:09","slug":"fallecio-el-denominado-caso-cero-que-infecto-a-35-personas-con-la-variante-delta","status":"publish","type":"post","link":"https:\/\/primiciasclorinda.com\/?p=25336","title":{"rendered":"Falleci\u00f3 el denominado \u00abcaso cero\u00bb que infect\u00f3 a 35 personas con la variante Delta"},"content":{"rendered":"<p style=\"text-align: justify;\">El deceso se dio por la avanzada complicaci\u00f3n en la salud del hombre que hab\u00eda ingresado al pa\u00eds a mediados de julio desde Per\u00fa y que no respet\u00f3 el aislamiento obligatorio. Ten\u00eda 62 a\u00f1os y sufr\u00eda insuficiencia respiratoria causada por neumon\u00eda bilateral grave.<\/p>\n<p style=\"text-align: justify;\">El hombre de nacionalidad boliviana conocido como el \u00abcaso cero\u00bb por introducir la variante Delta de coronavirus a C\u00f3rdoba y generar un brote de contagios falleci\u00f3 esta domingo en el Hospital Rawson, donde se encontraba internado desde hace tres semanas.<\/p>\n<p style=\"text-align: justify;\">El deceso se dio por su avanzada complicaci\u00f3n en la salud, ya que sufr\u00eda \u00abinsuficiencia respiratoria causada por neumon\u00eda bilateral grave\u00bb, informaron fuentes sanitarias.<\/p>\n<p style=\"text-align: justify;\">El fallecido hab\u00eda ingresado al pa\u00eds a mediados de julio desde Lima, Per\u00fa, y no respet\u00f3 el aislamiento obligatorio, adem\u00e1s de participar de reuniones sociales, y gener\u00f3 un foco de contagios intrafamiliares, donde resultaron contagiadas 35 de las 60 personas que portan o portaron esa variante en la provincia mediterr\u00e1nea.<\/p>\n<p style=\"text-align: justify;\">Mientras, el Ministerio de Salud de C\u00f3rdoba notific\u00f3 que en las \u00faltimas 24 horas se conoci\u00f3 un nuevo caso de contagio de coronavirus con la variante Delta, con lo que suman 60 los infectados.<\/p>\n<p style=\"text-align: justify;\">El informe oficial indica que el contagio recientemente registrado est\u00e1 vinculado a un contacto estrecho de otra persona que volvi\u00f3 de viaje desde el exterior y que se encuentra realizando el debido aislamiento.<\/p>\n<p style=\"text-align: justify;\">El caso cero o caso \u00edndice en la provincia fue notificado el 29 de julio y se trata de un viajero de 62 a\u00f1os de origen boliviano, residente en la ciudad de C\u00f3rdoba, que arrib\u00f3 proveniente de Lima (Per\u00fa).<\/p>\n<p style=\"text-align: justify;\">De acuerdo con los datos de la causa judicial, promovida por el Gobierno local, el viajero habr\u00eda violado el aislamiento domiciliario que se le hab\u00eda impuesto y gener\u00f3 un brote intrafamiliar.El hombre habr\u00eda concurrido a un restaurante con su familia y a centros de compra durante el per\u00edodo en que deb\u00eda estar aislado.<\/p>\n<p style=\"text-align: justify;\">La Unidad Fiscal de Emergencia (UFES) investiga la causa que tiene como imputadas a otras cuatro personas que, a sabiendas de que el hombre fallecido portaba el virus, compartieron encuentros.<\/p>\n<p style=\"text-align: justify;\">En todos los casos est\u00e1n acusados por violar los art\u00edculos 202 y 205 del C\u00f3digo Penal, que establece penas de entre 3 y 15 a\u00f1os de prisi\u00f3n por realizar acciones que propagan la enfermedad viral.<\/p>\n<p style=\"text-align: justify;\">Tras conocerse los primeros contagios a finales del mes pasado, la autoridad sanitaria hab\u00eda impuesto el aislamiento preventivo de 800 personas por ser contactos estrechos, contactos de contactos, y de burbujas escolares vinculadas con el denominado &#8216;caso cero&#8217; y su entorno.<\/p>\n","protected":false},"excerpt":{"rendered":"<div class=\"mh-excerpt\"><p>El deceso se dio por la avanzada complicaci\u00f3n en la salud del hombre que hab\u00eda ingresado al pa\u00eds a mediados de julio desde Per\u00fa y <a class=\"mh-excerpt-more\" href=\"https:\/\/primiciasclorinda.com\/?p=25336\" title=\"Falleci\u00f3 el denominado \u00abcaso cero\u00bb que infect\u00f3 a 35 personas con la variante Delta\">[&#8230;]<\/a><\/p>\n<\/div>","protected":false},"author":3,"featured_media":25337,"comment_status":"open","ping_status":"open","sticky":false,"template":"","format":"standard","meta":{"footnotes":""},"categories":[4,3],"tags":[2541,2870,3638],"class_list":["post-25336","post","type-post","status-publish","format-standard","has-post-thumbnail","hentry","category-informacion-general","category-politica-economia","tag-cordoba","tag-coronavirus","tag-delta"],"_links":{"self":[{"href":"https:\/\/primiciasclorinda.com\/index.php?rest_route=\/wp\/v2\/posts\/25336","targetHints":{"allow":["GET"]}}],"collection":[{"href":"https:\/\/primiciasclorinda.com\/index.php?rest_route=\/wp\/v2\/posts"}],"about":[{"href":"https:\/\/primiciasclorinda.com\/index.php?rest_route=\/wp\/v2\/types\/post"}],"author":[{"embeddable":true,"href":"https:\/\/primiciasclorinda.com\/index.php?rest_route=\/wp\/v2\/users\/3"}],"replies":[{"embeddable":true,"href":"https:\/\/primiciasclorinda.com\/index.php?rest_route=%2Fwp%2Fv2%2Fcomments&post=25336"}],"version-history":[{"count":1,"href":"https:\/\/primiciasclorinda.com\/index.php?rest_route=\/wp\/v2\/posts\/25336\/revisions"}],"predecessor-version":[{"id":25338,"href":"https:\/\/primiciasclorinda.com\/index.php?rest_route=\/wp\/v2\/posts\/25336\/revisions\/25338"}],"wp:featuredmedia":[{"embeddable":true,"href":"https:\/\/primiciasclorinda.com\/index.php?rest_route=\/wp\/v2\/media\/25337"}],"wp:attachment":[{"href":"https:\/\/primiciasclorinda.com\/index.php?rest_route=%2Fwp%2Fv2%2Fmedia&parent=25336"}],"wp:term":[{"taxonomy":"category","embeddable":true,"href":"https:\/\/primiciasclorinda.com\/index.php?rest_route=%2Fwp%2Fv2%2Fcategories&post=25336"},{"taxonomy":"post_tag","embeddable":true,"href":"https:\/\/primiciasclorinda.com\/index.php?rest_route=%2Fwp%2Fv2%2Ftags&post=25336"}],"curies":[{"name":"wp","href":"https:\/\/api.w.org\/{rel}","templated":true}]}}