{"id":25283,"date":"2021-08-16T12:36:48","date_gmt":"2021-08-16T15:36:48","guid":{"rendered":"http:\/\/primiciasclorinda.com\/?p=25283"},"modified":"2021-08-16T12:36:48","modified_gmt":"2021-08-16T15:36:48","slug":"sergio-berni-tambien-le-hablo-al-presidente-si-entregamos-a-nuestra-companera-es-dificil-que-nos-crean-capaces-de-defender-al-pais","status":"publish","type":"post","link":"https:\/\/primiciasclorinda.com\/?p=25283","title":{"rendered":"Sergio Berni tambi\u00e9n le habl\u00f3 al Presidente: \u201cSi entregamos a nuestra compa\u00f1era, es dif\u00edcil que nos crean capaces de defender al pa\u00eds\u201d"},"content":{"rendered":"<p style=\"text-align: justify;\">En las \u00faltimas horas circul\u00f3 una carta abierta del Ministro de Seguridad de la provincia de Buenos Aires a Alberto Fern\u00e1ndez referida al esc\u00e1ndalo causado por la foto de la fiesta de cumplea\u00f1os de la primera dama en plena vigencia del aislamiento obligatorio: \u201cNosotros tenemos que dar el ejemplo, ser m\u00e1s \u00e9ticos que los dem\u00e1s y trabajar el doble\u201d.<\/p>\n<p>No es la primera vez que Sergio Berni, ministro de Seguridad de la provincia de Buenos Aires, toma distancia del Gobierno nacional que preside Alberto Fern\u00e1ndez.<\/p>\n<p style=\"text-align: justify;\">Desde los primeros tiempos de esta gesti\u00f3n, el funcionario bonaerense protagoniz\u00f3 varios enfrentamientos con la ministra de Seguridad de la Naci\u00f3n, Sabina Frederik, y no dej\u00f3 pasar oportunidad para diferenciarse en cuanto a la gesti\u00f3n del \u00e1rea, lo que le ha permitido gozar de una muy buena imagen entre una ciudadan\u00eda que pone a la seguridad al tope de sus demandas m\u00e1s acuciantes.<\/p>\n<p style=\"text-align: justify;\">Una fotograf\u00eda acaba de confirmar que, en julio pasado, en pleno confinamiento estricto de todos los argentinos en virtud de las medidas adoptadas por el Presidente de la Naci\u00f3n, el propio Alberto Fern\u00e1ndez, junto a su pareja, Fabiola Y\u00e1\u00f1ez, hab\u00eda sido anfitri\u00f3n de reuniones sociales que constitu\u00edan una violaci\u00f3n al decreto de confinamiento obligatorio.<\/p>\n<p style=\"text-align: justify;\">Apenas empez\u00f3 a circular la imagen, Sergio Berni, hombre cercano a la vicepresidente Cristina Fern\u00e1ndez de Kirchner, de quien fue Secretario de Seguridad entre 2012 y 2015, dijo, con su habitual estilo frontal: \u201cEsta es una de las diferencias que tengo con el Presidente\u201d. Poco antes, cuando todav\u00eda no estaba confirmada la veracidad de la foto -y el propio Ejecutivo Nacional negaba el hecho-, Berni dijo tener la esperanza de que no fuese cierto: \u201cOjal\u00e1 esa foto sea trucha\u201d.<\/p>\n<p style=\"text-align: justify;\">Ahora, revelada la autenticidad de la fotoraf\u00eda y de la reuni\u00f3n, y luego de las declaraciones del Presidente sobre el tema, Sergio Berni ha volcado sus reflexiones sobre el tema en forma de carta p\u00fablica, con el t\u00edtulo \u201cYo no fui, fue ella\u201d, en la que recuerda que la primera reacci\u00f3n de Alberto Fern\u00e1ndez fue negar el hecho.<\/p>\n<p style=\"text-align: justify;\">El perd\u00f3n est\u00e1 en la base de toda sociedad. Sin perd\u00f3n, los agravios se acumular\u00edan hasta formar una costra de rencores que har\u00edan imposible la vida en com\u00fan.<\/p>\n<p style=\"text-align: justify;\">El perd\u00f3n es reconocer en el otro nuestra propia naturaleza de fragilidad, y supone un acto de reflexi\u00f3n para no reincidir en el mismo error, en la misma falta.<\/p>\n<p style=\"text-align: justify;\">Claro que para que exista el perd\u00f3n se necesitan dos requisitos: reconocimiento de la falta propia y arrepentimiento.<\/p>\n<p style=\"text-align: justify;\">En el caso de la foto de cumplea\u00f1os, el Presidente en primer t\u00e9rmino neg\u00f3 el hecho. Luego no pudo seguir sosteniendo la falsedad de la noticia. Entonces eligi\u00f3 el camino de deslindar la responsabilidad hacia su propia mujer.<\/p>\n<p style=\"text-align: justify;\">Nadie pide que el Presidente se flagele en p\u00fablico ni que se arranque los cabellos como acto de automortificaci\u00f3n para la obtenci\u00f3n del perd\u00f3n e indulgencia colectiva. No. Se pide algo m\u00e1s elemental y sencillo. Que ponga fin a la pr\u00e1ctica de justificar dial\u00e9cticamente cualquier cosa con cualquier argumento. Que asuma la realidad de un pa\u00eds que necesita como nunca de firmes liderazgos que ofrezcan templanza, capacidad de trabajo, visi\u00f3n estrat\u00e9gica, comprensi\u00f3n del pa\u00eds que se pretende conducir y compromiso y solidaridad con quienes nos eligieron para que resolvamos los problemas de la vida cotidiana.<\/p>\n<p style=\"text-align: justify;\">No se trata de enredarnos en discusiones dom\u00e9sticas infinitas. Se trata de decir que agotamos la paciencia de muchos y que lleg\u00f3 la hora de tomar la responsabilidad de gobernar el pa\u00eds con la seriedad que el asunto merece.<\/p>\n<p style=\"text-align: justify;\">No me gusta hacer le\u00f1a del \u00e1rbol ca\u00eddo. Pero tampoco podemos encerrarnos en un mutismo complaciente y celebratorio de la insensatez y la irresponsabilidad. Estos episodios debilitan la pol\u00edtica, debilitan un proyecto nacional, debilitan la legitimidad presidencial, debilitan la posibilidad de construir consensos sociales para sacar a la Argentina del triste lugar en que se encuentra. Y dan lugar a los discursos m\u00e1s retr\u00f3grados que acechan esperando los yerros nuestros para volver a la carga con los designios entreguistas de siempre.<\/p>\n<p style=\"text-align: justify;\">Hay quienes dicen que con estos razonamientos podemos poner en peligro la campa\u00f1a. A esos compa\u00f1eros les quiero decir que no se equivoquen, que quien esto escribe es un militante. El Pueblo no es tonto y sabe que en esta elecci\u00f3n se juegan sus propios intereses. La opci\u00f3n de hierro es defender un proyecto que tiene por horizonte el desarrollo productivo, el trabajo y la inclusi\u00f3n social, o volver a las pol\u00edticas de ajuste y de entrega. La legislatura necesita legisladores que garanticen leyes en favor del crecimiento, el trabajo, la educaci\u00f3n y la construcci\u00f3n de una provincia pr\u00f3spera. Y el Congreso necesita diputados que nos permitan dar fortaleza a un proyecto que espera emerger con una vitalidad renovada tras la pandemia que parece llegar a su fin. Por eso necesitamos trabajar por el triunfo de nuestro Frente.<\/p>\n<p style=\"text-align: justify;\">Se\u00f1or Presidente: nosotros tenemos que dar el ejemplo, ser mejores que los dem\u00e1s, ser m\u00e1s \u00e9ticos, trabajar el doble, asumir los errores propios y cuidar a nuestros compa\u00f1eros. Y a nuestras compa\u00f1eras, claro. Porque si entregamos a nuestra compa\u00f1era a la primera de cambio con el solo objeto de salvar nuestro pellejo, es dif\u00edcil que nos crean capaces de defender los altos intereses de la Patria. Y cuando eso sucede, se resiente la legitimidad pol\u00edtica de un proyecto, se horada la base de sustentaci\u00f3n propia y sucede lo que Ud. no necesita que yo le narre.<\/p>\n<p>Fuente: Infobae.com<\/p>\n","protected":false},"excerpt":{"rendered":"<div class=\"mh-excerpt\"><p>En las \u00faltimas horas circul\u00f3 una carta abierta del Ministro de Seguridad de la provincia de Buenos Aires a Alberto Fern\u00e1ndez referida al esc\u00e1ndalo causado <a class=\"mh-excerpt-more\" href=\"https:\/\/primiciasclorinda.com\/?p=25283\" title=\"Sergio Berni tambi\u00e9n le habl\u00f3 al Presidente: \u201cSi entregamos a nuestra compa\u00f1era, es dif\u00edcil que nos crean capaces de defender al pa\u00eds\u201d\">[&#8230;]<\/a><\/p>\n<\/div>","protected":false},"author":3,"featured_media":25284,"comment_status":"open","ping_status":"open","sticky":false,"template":"","format":"standard","meta":{"footnotes":""},"categories":[3],"tags":[2467,3661,3660],"class_list":["post-25283","post","type-post","status-publish","format-standard","has-post-thumbnail","hentry","category-politica-economia","tag-alberto-fernandez","tag-interna-pj","tag-sergio-berni"],"_links":{"self":[{"href":"https:\/\/primiciasclorinda.com\/index.php?rest_route=\/wp\/v2\/posts\/25283","targetHints":{"allow":["GET"]}}],"collection":[{"href":"https:\/\/primiciasclorinda.com\/index.php?rest_route=\/wp\/v2\/posts"}],"about":[{"href":"https:\/\/primiciasclorinda.com\/index.php?rest_route=\/wp\/v2\/types\/post"}],"author":[{"embeddable":true,"href":"https:\/\/primiciasclorinda.com\/index.php?rest_route=\/wp\/v2\/users\/3"}],"replies":[{"embeddable":true,"href":"https:\/\/primiciasclorinda.com\/index.php?rest_route=%2Fwp%2Fv2%2Fcomments&post=25283"}],"version-history":[{"count":1,"href":"https:\/\/primiciasclorinda.com\/index.php?rest_route=\/wp\/v2\/posts\/25283\/revisions"}],"predecessor-version":[{"id":25285,"href":"https:\/\/primiciasclorinda.com\/index.php?rest_route=\/wp\/v2\/posts\/25283\/revisions\/25285"}],"wp:featuredmedia":[{"embeddable":true,"href":"https:\/\/primiciasclorinda.com\/index.php?rest_route=\/wp\/v2\/media\/25284"}],"wp:attachment":[{"href":"https:\/\/primiciasclorinda.com\/index.php?rest_route=%2Fwp%2Fv2%2Fmedia&parent=25283"}],"wp:term":[{"taxonomy":"category","embeddable":true,"href":"https:\/\/primiciasclorinda.com\/index.php?rest_route=%2Fwp%2Fv2%2Fcategories&post=25283"},{"taxonomy":"post_tag","embeddable":true,"href":"https:\/\/primiciasclorinda.com\/index.php?rest_route=%2Fwp%2Fv2%2Ftags&post=25283"}],"curies":[{"name":"wp","href":"https:\/\/api.w.org\/{rel}","templated":true}]}}