{"id":25271,"date":"2021-08-16T11:30:55","date_gmt":"2021-08-16T14:30:55","guid":{"rendered":"http:\/\/primiciasclorinda.com\/?p=25271"},"modified":"2021-08-16T11:30:55","modified_gmt":"2021-08-16T14:30:55","slug":"el-municipio-habilito-obras-en-la-plazoleta-simon-cabral","status":"publish","type":"post","link":"https:\/\/primiciasclorinda.com\/?p=25271","title":{"rendered":"El Municipio habilit\u00f3 obras en la Plazoleta Sim\u00f3n Cabral"},"content":{"rendered":"<p style=\"text-align: justify;\">El Intendente Manuel Celauro junto al Presidente del Concejo Deliberante Ariel Caniza, el Diputado Provincial Alejandro Navas, y funcionarios municipales estuvieron dejando habilitadas nuevas obras encaradas en la plazoleta Sim\u00f3n Cabral y alrededores. Se tratan de obras ejecutadas con fondos del municipio, en esa rotonda donde se encuentra ubicada esa plazoleta se realiz\u00f3 primeramente la ampliaci\u00f3n del pavimento a fin de que los camiones puedan tener un radio de giro m\u00e1s amplio, se sac\u00f3 un espacio que estaba casi inutilizado en acceso a la avenida Santa Cruz, luego se procedi\u00f3 a mejorar las condiciones de la plazoleta y su posterior iluminaci\u00f3n.<\/p>\n<p>Asistieron adem\u00e1s, familiares de Don Sim\u00f3n Cabral, m\u00e1s precisamente hijos y nietos, el Dr. Arturo Cabral, hijo de Sim\u00f3n Cabral, quiso dejar unas palabras para agradecer la puesta en valor de ese espacio p\u00fablico que lleva el nombre de su padre; \u201cme da un gran regocijo espiritual y la circunstancia de que este realizada por un compa\u00f1ero me hace muy feliz, quiero destacar como se lleg\u00f3 a la imposici\u00f3n de ese nombre que se dio con la vuelta a la democracia en la intendencia de Don Porfirio Costadoni\u201d.<\/p>\n<p><img loading=\"lazy\" decoding=\"async\" class=\"aligncenter size-full wp-image-25273\" src=\"http:\/\/primiciasclorinda.com\/wp-content\/uploads\/2021\/08\/plazoleta.jpg\" alt=\"\" width=\"960\" height=\"405\" srcset=\"https:\/\/primiciasclorinda.com\/wp-content\/uploads\/2021\/08\/plazoleta.jpg 960w, https:\/\/primiciasclorinda.com\/wp-content\/uploads\/2021\/08\/plazoleta-300x127.jpg 300w, https:\/\/primiciasclorinda.com\/wp-content\/uploads\/2021\/08\/plazoleta-768x324.jpg 768w, https:\/\/primiciasclorinda.com\/wp-content\/uploads\/2021\/08\/plazoleta-600x253.jpg 600w\" sizes=\"auto, (max-width: 960px) 100vw, 960px\" \/><\/p>\n","protected":false},"excerpt":{"rendered":"<div class=\"mh-excerpt\"><p>El Intendente Manuel Celauro junto al Presidente del Concejo Deliberante Ariel Caniza, el Diputado Provincial Alejandro Navas, y funcionarios municipales estuvieron dejando habilitadas nuevas obras <a class=\"mh-excerpt-more\" href=\"https:\/\/primiciasclorinda.com\/?p=25271\" title=\"El Municipio habilit\u00f3 obras en la Plazoleta Sim\u00f3n Cabral\">[&#8230;]<\/a><\/p>\n<\/div>","protected":false},"author":3,"featured_media":25272,"comment_status":"open","ping_status":"open","sticky":false,"template":"","format":"standard","meta":{"footnotes":""},"categories":[4,3],"tags":[26,88],"class_list":["post-25271","post","type-post","status-publish","format-standard","has-post-thumbnail","hentry","category-informacion-general","category-politica-economia","tag-clorinda","tag-municipalidad-de-clorinda"],"_links":{"self":[{"href":"https:\/\/primiciasclorinda.com\/index.php?rest_route=\/wp\/v2\/posts\/25271","targetHints":{"allow":["GET"]}}],"collection":[{"href":"https:\/\/primiciasclorinda.com\/index.php?rest_route=\/wp\/v2\/posts"}],"about":[{"href":"https:\/\/primiciasclorinda.com\/index.php?rest_route=\/wp\/v2\/types\/post"}],"author":[{"embeddable":true,"href":"https:\/\/primiciasclorinda.com\/index.php?rest_route=\/wp\/v2\/users\/3"}],"replies":[{"embeddable":true,"href":"https:\/\/primiciasclorinda.com\/index.php?rest_route=%2Fwp%2Fv2%2Fcomments&post=25271"}],"version-history":[{"count":1,"href":"https:\/\/primiciasclorinda.com\/index.php?rest_route=\/wp\/v2\/posts\/25271\/revisions"}],"predecessor-version":[{"id":25274,"href":"https:\/\/primiciasclorinda.com\/index.php?rest_route=\/wp\/v2\/posts\/25271\/revisions\/25274"}],"wp:featuredmedia":[{"embeddable":true,"href":"https:\/\/primiciasclorinda.com\/index.php?rest_route=\/wp\/v2\/media\/25272"}],"wp:attachment":[{"href":"https:\/\/primiciasclorinda.com\/index.php?rest_route=%2Fwp%2Fv2%2Fmedia&parent=25271"}],"wp:term":[{"taxonomy":"category","embeddable":true,"href":"https:\/\/primiciasclorinda.com\/index.php?rest_route=%2Fwp%2Fv2%2Fcategories&post=25271"},{"taxonomy":"post_tag","embeddable":true,"href":"https:\/\/primiciasclorinda.com\/index.php?rest_route=%2Fwp%2Fv2%2Ftags&post=25271"}],"curies":[{"name":"wp","href":"https:\/\/api.w.org\/{rel}","templated":true}]}}