{"id":25138,"date":"2021-08-02T16:40:20","date_gmt":"2021-08-02T19:40:20","guid":{"rendered":"http:\/\/primiciasclorinda.com\/?p=25138"},"modified":"2021-08-02T16:40:20","modified_gmt":"2021-08-02T19:40:20","slug":"jornada-con-siete-fallecidos-a-nivel-provincial-y-2-nuevos-contagios-en-clorinda","status":"publish","type":"post","link":"https:\/\/primiciasclorinda.com\/?p=25138","title":{"rendered":"Jornada con siete fallecidos a nivel provincial y 2 nuevos contagios en Clorinda"},"content":{"rendered":"<p style=\"text-align: justify;\">\u00a0Seg\u00fan el parte informativo del Consejo Integral de la Emergencia Covid-19 en el d\u00eda lunes 2 de agosto, se produjeron siete fallecimientos y se contabilizaron 137 nuevos casos en la provincia.<\/p>\n<p style=\"text-align: justify;\">&#x1f5e3; PARTE N\u00b0 512<\/p>\n<p style=\"text-align: justify;\">&#x1f4cc;7 FALLECIMIENTOS<br \/>\n&#x1f4cd;Formosa: Egidio 68, Agust\u00edn 56, Nancy 49<br \/>\n&#x1f4cd;La Primavera: Hugo 54<br \/>\n&#x1f4cd;Piran\u00e9: Maria 35<br \/>\n&#x1f4cd;El Colorado: Andr\u00e9s<br \/>\n&#x1f4cd;Pozo del Tigre: Carmen 70<\/p>\n<p style=\"text-align: justify;\">&#x1f4cc;4.061 TEST DIARIO<\/p>\n<p style=\"text-align: justify;\">&#x1f4cc;137 POSITIVOS (3,4 % \u00cdNDICE POSITIVIDAD)<br \/>\nFormosa 45, Piran\u00e9 14, Las Lomitas 11, Ibarreta 9, Villa Dos Trece 7, El Colorado 6, Pozo del Tigre 4, Estanislao del Campo 3, Comunidad La L\u00ednea 3, Villa Escolar 3, Naineck 3, Belgrano 2, Clorinda 2, El Espinillo 2, Laish\u00ed 1 Mansilla 1, El Chiriguanos 1, La Rinconada 1, Buena Vista 1 , La Primavera 1, Ju\u00e1rez 1, 10 ingresos (6 chaco, 2 Buenos Aires 1 Corrientes y 1 Mendoza).<\/p>\n<p style=\"text-align: justify;\">&#x1f4cc;256 ALTAS M\u00c9DICAS 32 LOCALIDADES<\/p>\n<p style=\"text-align: justify;\">&#x1f4cc; TOTAL<br \/>\n&#x1f4cd;CASOS DIAGNOSTICADOS: 57.922<br \/>\n&#x1f4cd;PACIENTES RECUPERADOS: 53.811<br \/>\n&#x1f4cd;CASOS ACTIVOS: 3.067<br \/>\n&#x1f4cd;FALLECIMIENTOS POR CORONAVIRUS: 1.068<br \/>\n&#x1f4cd;CASOS EN TR\u00c1NSITO CON EGRESO DE LA PROVINCIA: 46<br \/>\n&#x1f4cd;CANTIDAD DE TEST REALIZADOS A LA FECHA: 892.929 (6,29% de positividad acumulada<\/p>\n","protected":false},"excerpt":{"rendered":"<div class=\"mh-excerpt\"><p>\u00a0Seg\u00fan el parte informativo del Consejo Integral de la Emergencia Covid-19 en el d\u00eda lunes 2 de agosto, se produjeron siete fallecimientos y se contabilizaron <a class=\"mh-excerpt-more\" href=\"https:\/\/primiciasclorinda.com\/?p=25138\" title=\"Jornada con siete fallecidos a nivel provincial y 2 nuevos contagios en Clorinda\">[&#8230;]<\/a><\/p>\n<\/div>","protected":false},"author":3,"featured_media":25139,"comment_status":"open","ping_status":"open","sticky":false,"template":"","format":"standard","meta":{"footnotes":""},"categories":[4,3],"tags":[2870,3023,23],"class_list":["post-25138","post","type-post","status-publish","format-standard","has-post-thumbnail","hentry","category-informacion-general","category-politica-economia","tag-coronavirus","tag-covid19","tag-formosa"],"_links":{"self":[{"href":"https:\/\/primiciasclorinda.com\/index.php?rest_route=\/wp\/v2\/posts\/25138","targetHints":{"allow":["GET"]}}],"collection":[{"href":"https:\/\/primiciasclorinda.com\/index.php?rest_route=\/wp\/v2\/posts"}],"about":[{"href":"https:\/\/primiciasclorinda.com\/index.php?rest_route=\/wp\/v2\/types\/post"}],"author":[{"embeddable":true,"href":"https:\/\/primiciasclorinda.com\/index.php?rest_route=\/wp\/v2\/users\/3"}],"replies":[{"embeddable":true,"href":"https:\/\/primiciasclorinda.com\/index.php?rest_route=%2Fwp%2Fv2%2Fcomments&post=25138"}],"version-history":[{"count":1,"href":"https:\/\/primiciasclorinda.com\/index.php?rest_route=\/wp\/v2\/posts\/25138\/revisions"}],"predecessor-version":[{"id":25140,"href":"https:\/\/primiciasclorinda.com\/index.php?rest_route=\/wp\/v2\/posts\/25138\/revisions\/25140"}],"wp:featuredmedia":[{"embeddable":true,"href":"https:\/\/primiciasclorinda.com\/index.php?rest_route=\/wp\/v2\/media\/25139"}],"wp:attachment":[{"href":"https:\/\/primiciasclorinda.com\/index.php?rest_route=%2Fwp%2Fv2%2Fmedia&parent=25138"}],"wp:term":[{"taxonomy":"category","embeddable":true,"href":"https:\/\/primiciasclorinda.com\/index.php?rest_route=%2Fwp%2Fv2%2Fcategories&post=25138"},{"taxonomy":"post_tag","embeddable":true,"href":"https:\/\/primiciasclorinda.com\/index.php?rest_route=%2Fwp%2Fv2%2Ftags&post=25138"}],"curies":[{"name":"wp","href":"https:\/\/api.w.org\/{rel}","templated":true}]}}