{"id":24882,"date":"2021-06-28T18:23:56","date_gmt":"2021-06-28T21:23:56","guid":{"rendered":"http:\/\/primiciasclorinda.com\/?p=24882"},"modified":"2021-06-28T18:23:56","modified_gmt":"2021-06-28T21:23:56","slug":"insfran-sigamos-engrandeciendo-la-historia-de-nuestra-querida-formosa","status":"publish","type":"post","link":"https:\/\/primiciasclorinda.com\/?p=24882","title":{"rendered":"Insfr\u00e1n: \u201cSigamos engrandeciendo la historia de nuestra querida Formosa\u201d"},"content":{"rendered":"<p style=\"text-align: justify;\">Este 28 de junio, el gobernador Gildo Insfr\u00e1n evoc\u00f3 el 66\u00ba aniversario de la Provincializaci\u00f3n de Formosa con un emotivo mensaje.<\/p>\n<p style=\"text-align: justify;\">\u201cLos hombres y las mujeres que formaron parte de aquella trascendental gesta de 1955 dejaron en nuestras manos un legado hist\u00f3rico que, con responsabilidad y profundo amor a nuestra tierra, debemos continuar construyendo\u201d, subray\u00f3 el primer mandatario.<\/p>\n<p style=\"text-align: justify;\">Y resalt\u00f3: \u201cTodos unidos sigamos engrandeciendo la historia de nuestra querida Formosa\u201d.<\/p>\n<p style=\"text-align: justify;\">A su vez, en horas tempranas de este lunes 28, en medio de un clima fr\u00edo, se llev\u00f3 a cabo el acto conmemorativo frente al M\u00e1stil Municipal.<\/p>\n<p style=\"text-align: justify;\">Fue el vicegobernador de la provincia, el doctor Eber Sol\u00eds, quien encabez\u00f3 la ceremonia, respetando en todo momento las disposiciones sanitarias establecidas en el marco de la pandemia.<\/p>\n<p style=\"text-align: justify;\">Estuvo acompa\u00f1ado por el intendente de la ciudad Jorge Jofr\u00e9; el jefe de Gabinete de Ministros, Antonio Ferreira; el ministro del Superior Tribunal de Justicia, Marcos Bruno Quinteros; ministros del Poder Ejecutivo, legisladores provinciales y municipales.<\/p>\n<p style=\"text-align: justify;\">Con el cumplimiento del protocolo sanitario contra el COVID-19, el acto inici\u00f3 con el izamiento de los pabellones nacional y provincial al son de \u201cAurora\u201d, canci\u00f3n a la bandera argentina, ejecutada por la Banda de la Polic\u00eda de la provincia.<\/p>\n<p style=\"text-align: justify;\">Es importante recordar que durante la presidencia del general Juan Domingo Per\u00f3n, por ley N\u00b0 14.408 promulgada el 28 de junio, Formosa pas\u00f3 a ser provincia.<\/p>\n<p style=\"text-align: justify;\">Reci\u00e9n tuvo su Constituci\u00f3n Provincial en 1957 y su primer Gobierno constitucional en 1958.<\/p>\n<p style=\"text-align: justify;\">D\u00eda de alegr\u00eda y festejo<\/p>\n<p style=\"text-align: justify;\">En contexto, el diputado Agust\u00edn Samaniego, presidente del bloque justicialista de la Legislatura Provincial, dialog\u00f3 con la Agencia de Noticias Formosa (AGENFOR) y expres\u00f3 que \u201ces un d\u00eda de alegr\u00eda y festejo para todos los formose\u00f1os\u201d.<\/p>\n<p style=\"text-align: justify;\">En este sentido, lament\u00f3 \u201cno poder festejar como todos los a\u00f1os\u201d, con una gran concentraci\u00f3n y las caravanas de alegr\u00eda. \u201cCuando pasemos esta pandemia podremos volver a abrazarnos\u201d, asegur\u00f3.<\/p>\n<p style=\"text-align: justify;\">\u201cDebemos saber que qued\u00e1ndonos en casa estamos homenajeando a nuestros antepasados que hicieron tanto para que nosotros seamos provincia\u201d, finaliz\u00f3.<\/p>\n","protected":false},"excerpt":{"rendered":"<div class=\"mh-excerpt\"><p>Este 28 de junio, el gobernador Gildo Insfr\u00e1n evoc\u00f3 el 66\u00ba aniversario de la Provincializaci\u00f3n de Formosa con un emotivo mensaje. \u201cLos hombres y las <a class=\"mh-excerpt-more\" href=\"https:\/\/primiciasclorinda.com\/?p=24882\" title=\"Insfr\u00e1n: \u201cSigamos engrandeciendo la historia de nuestra querida Formosa\u201d\">[&#8230;]<\/a><\/p>\n<\/div>","protected":false},"author":3,"featured_media":24883,"comment_status":"open","ping_status":"open","sticky":false,"template":"","format":"standard","meta":{"footnotes":""},"categories":[4,3],"tags":[23,18,558],"class_list":["post-24882","post","type-post","status-publish","format-standard","has-post-thumbnail","hentry","category-informacion-general","category-politica-economia","tag-formosa","tag-gildo-insfran","tag-provincializacion"],"_links":{"self":[{"href":"https:\/\/primiciasclorinda.com\/index.php?rest_route=\/wp\/v2\/posts\/24882","targetHints":{"allow":["GET"]}}],"collection":[{"href":"https:\/\/primiciasclorinda.com\/index.php?rest_route=\/wp\/v2\/posts"}],"about":[{"href":"https:\/\/primiciasclorinda.com\/index.php?rest_route=\/wp\/v2\/types\/post"}],"author":[{"embeddable":true,"href":"https:\/\/primiciasclorinda.com\/index.php?rest_route=\/wp\/v2\/users\/3"}],"replies":[{"embeddable":true,"href":"https:\/\/primiciasclorinda.com\/index.php?rest_route=%2Fwp%2Fv2%2Fcomments&post=24882"}],"version-history":[{"count":1,"href":"https:\/\/primiciasclorinda.com\/index.php?rest_route=\/wp\/v2\/posts\/24882\/revisions"}],"predecessor-version":[{"id":24884,"href":"https:\/\/primiciasclorinda.com\/index.php?rest_route=\/wp\/v2\/posts\/24882\/revisions\/24884"}],"wp:featuredmedia":[{"embeddable":true,"href":"https:\/\/primiciasclorinda.com\/index.php?rest_route=\/wp\/v2\/media\/24883"}],"wp:attachment":[{"href":"https:\/\/primiciasclorinda.com\/index.php?rest_route=%2Fwp%2Fv2%2Fmedia&parent=24882"}],"wp:term":[{"taxonomy":"category","embeddable":true,"href":"https:\/\/primiciasclorinda.com\/index.php?rest_route=%2Fwp%2Fv2%2Fcategories&post=24882"},{"taxonomy":"post_tag","embeddable":true,"href":"https:\/\/primiciasclorinda.com\/index.php?rest_route=%2Fwp%2Fv2%2Ftags&post=24882"}],"curies":[{"name":"wp","href":"https:\/\/api.w.org\/{rel}","templated":true}]}}