{"id":24860,"date":"2021-06-27T13:01:48","date_gmt":"2021-06-27T16:01:48","guid":{"rendered":"http:\/\/primiciasclorinda.com\/?p=24860"},"modified":"2021-06-27T13:01:48","modified_gmt":"2021-06-27T16:01:48","slug":"insfran-anuncio-la-vacunacion-para-las-clases-84-a-86-en-formosa-capital","status":"publish","type":"post","link":"https:\/\/primiciasclorinda.com\/?p=24860","title":{"rendered":"Insfr\u00e1n anunci\u00f3 la vacunaci\u00f3n para las clases 84 a 86 en Formosa Capital"},"content":{"rendered":"<p style=\"text-align: justify;\">En continuidad con la marat\u00f3nica campa\u00f1a de vacunaci\u00f3n contra el COVID 19 que desarrolla el Gobierno de Formosa en todo el territorio provincial, el gobernador Gildo Insfr\u00e1n, anunci\u00f3 otra jornada para este martes 29 de junio.<\/p>\n<p style=\"text-align: justify;\">En esta ocasi\u00f3n, recibir\u00e1n la primera dosis, las personas residentes de la ciudad de Formosa de las clases 1984 a 1986.<\/p>\n<p style=\"text-align: justify;\">Al respecto, Insfr\u00e1n indic\u00f3 que los establecimientos destinados como vacunatorios ser\u00e1n informados oportunamente, al igual que los horarios en que se realizar\u00e1 esta labor.<\/p>\n<p style=\"text-align: justify;\">De esta manera, todas las personas mayores de 35 a\u00f1os, sin comorbilidades de base, estar\u00e1n inmunizadas en la ciudad capital.<\/p>\n","protected":false},"excerpt":{"rendered":"<div class=\"mh-excerpt\"><p>En continuidad con la marat\u00f3nica campa\u00f1a de vacunaci\u00f3n contra el COVID 19 que desarrolla el Gobierno de Formosa en todo el territorio provincial, el gobernador <a class=\"mh-excerpt-more\" href=\"https:\/\/primiciasclorinda.com\/?p=24860\" title=\"Insfr\u00e1n anunci\u00f3 la vacunaci\u00f3n para las clases 84 a 86 en Formosa Capital\">[&#8230;]<\/a><\/p>\n<\/div>","protected":false},"author":3,"featured_media":24861,"comment_status":"open","ping_status":"open","sticky":false,"template":"","format":"standard","meta":{"footnotes":""},"categories":[4,3],"tags":[2870,23,847],"class_list":["post-24860","post","type-post","status-publish","format-standard","has-post-thumbnail","hentry","category-informacion-general","category-politica-economia","tag-coronavirus","tag-formosa","tag-vacunacion"],"_links":{"self":[{"href":"https:\/\/primiciasclorinda.com\/index.php?rest_route=\/wp\/v2\/posts\/24860","targetHints":{"allow":["GET"]}}],"collection":[{"href":"https:\/\/primiciasclorinda.com\/index.php?rest_route=\/wp\/v2\/posts"}],"about":[{"href":"https:\/\/primiciasclorinda.com\/index.php?rest_route=\/wp\/v2\/types\/post"}],"author":[{"embeddable":true,"href":"https:\/\/primiciasclorinda.com\/index.php?rest_route=\/wp\/v2\/users\/3"}],"replies":[{"embeddable":true,"href":"https:\/\/primiciasclorinda.com\/index.php?rest_route=%2Fwp%2Fv2%2Fcomments&post=24860"}],"version-history":[{"count":1,"href":"https:\/\/primiciasclorinda.com\/index.php?rest_route=\/wp\/v2\/posts\/24860\/revisions"}],"predecessor-version":[{"id":24862,"href":"https:\/\/primiciasclorinda.com\/index.php?rest_route=\/wp\/v2\/posts\/24860\/revisions\/24862"}],"wp:featuredmedia":[{"embeddable":true,"href":"https:\/\/primiciasclorinda.com\/index.php?rest_route=\/wp\/v2\/media\/24861"}],"wp:attachment":[{"href":"https:\/\/primiciasclorinda.com\/index.php?rest_route=%2Fwp%2Fv2%2Fmedia&parent=24860"}],"wp:term":[{"taxonomy":"category","embeddable":true,"href":"https:\/\/primiciasclorinda.com\/index.php?rest_route=%2Fwp%2Fv2%2Fcategories&post=24860"},{"taxonomy":"post_tag","embeddable":true,"href":"https:\/\/primiciasclorinda.com\/index.php?rest_route=%2Fwp%2Fv2%2Ftags&post=24860"}],"curies":[{"name":"wp","href":"https:\/\/api.w.org\/{rel}","templated":true}]}}