{"id":24701,"date":"2021-06-16T19:22:50","date_gmt":"2021-06-16T22:22:50","guid":{"rendered":"http:\/\/primiciasclorinda.com\/?p=24701"},"modified":"2021-06-16T19:22:50","modified_gmt":"2021-06-16T22:22:50","slug":"la-provincia-de-formosa-ya-supero-los-700-fallecidos-por-covid-19","status":"publish","type":"post","link":"https:\/\/primiciasclorinda.com\/?p=24701","title":{"rendered":"La provincia de Formosa ya super\u00f3 los 700 fallecidos por COVID 19"},"content":{"rendered":"<p style=\"text-align: justify;\">Adem\u00e1s, el porcentaje de positividad de casos disminuy\u00f3 al 8% y hay previstas jornadas de vacunaci\u00f3n para 67 localidades del territorio provincial en la pr\u00f3xima semana.<\/p>\n<p style=\"text-align: justify;\">Este mi\u00e9rcoles al mediod\u00eda, el Consejo de Atenci\u00f3n Integral de la Emergencia COVID 19 \u201cDr. Enrique Servi\u00e1n\u201d inform\u00f3 que, en las \u00faltimas 24 horas 14 personas fallecieron y 459 fueron diagnosticadas con coronavirus en toda la provincia.<\/p>\n<p style=\"text-align: justify;\">Los comprovincianos fallecidos son seis vecinos de Formosa: Emeterio de 81 a\u00f1os, F\u00e9lix de 63 a\u00f1os, Mar\u00eda de 60 a\u00f1os, Leonor de 51 a\u00f1os, Francisco de 48 a\u00f1os y Leonardo de 31 a\u00f1os; tres vecinos de Piran\u00e9: Fausto de 63 a\u00f1os, Sandra de 54 a\u00f1os y Elda de 51 a\u00f1os; un vecino de Las Lomitas: Felipe de 52 a\u00f1os; un vecino de G\u00fcemes: Jos\u00e9 de 55 a\u00f1os; un vecino de Ingeniero Ju\u00e1rez: N\u00e9stor de 78 a\u00f1os; un vecino de El Espinillo: Gerardo de 73 a\u00f1os; y un vecino de Boca Riacho Pilag\u00e1: Apolinario de 72 a\u00f1os, por quienes el organismo expres\u00f3 sus condolencias a familiares y seres queridos.<\/p>\n<p style=\"text-align: justify;\">En cuanto a los 459 nuevos diagn\u00f3sticos, fueron detectados en personas de entre cuatro meses a 76 a\u00f1os, en el marco de los 5751 test de vigilancia y b\u00fasqueda activa de casos realizados en las \u00faltimas 24 horas, con el 8% de positividad.<\/p>\n<p style=\"text-align: justify;\">Del total de casos, 293 corresponden a Formosa Capital: 117 consultas por s\u00edntomas, 117 contactos estrechos, 52 por b\u00fasqueda activa, cuatro consultas por egreso y tres controles por internaci\u00f3n; 14 a Piran\u00e9: ocho consultas por s\u00edntomas, tres contactos estrechos y tres por b\u00fasqueda activa; 13 a Clorinda: nueve por b\u00fasqueda activa, dos consultas por s\u00edntomas y dos contactos estrechos; 13 a El Colorado: siete consultas por s\u00edntomas y seis contactos estrechos; 13 a Laguna Naineck: ocho por b\u00fasqueda activa, tres consultas por s\u00edntomas y dos contactos estrechos; 10 a Laguna Blanca: siete contactos estrechos, dos por b\u00fasqueda activa y una consulta por s\u00edntomas.<\/p>\n<p style=\"text-align: justify;\">Tambi\u00e9n, 10 fueron diagnosticados en Ibarreta: seis contactos estrechos, tres por b\u00fasqueda activa y una consulta por egreso; nueve en Misi\u00f3n Laish\u00ed: siete contactos estrechos y dos por b\u00fasqueda activa; nueve en Presidente Yrigoyen: seis por b\u00fasqueda activa y tres contactos estrechos; nueve en Misi\u00f3n Tacaagl\u00e9: cinco contactos estrechos y cuatro consultas por s\u00edntomas; siete en Mar\u00eda Cristina: cuatro contactos estrechos y tres consultas por s\u00edntomas; seis en Villafa\u00f1e: cuatro contactos estrechos, una consulta por s\u00edntomas y uno por b\u00fasqueda activa; seis en Las Lomitas: tres contactos estrechos y tres por b\u00fasqueda activa; seis en Villa Dos Trece: cinco contactos estrechos y una consulta por s\u00edntomas; tres en General Mansilla: dos por b\u00fasqueda activa y un contacto estrecho al igual que en Villa Escolar; tres contactos estrechos en Riacho He He y otros tres en Pozo del Tigre; tres b\u00fasquedas activas en El Espinillo.<\/p>\n<p style=\"text-align: justify;\">Por \u00faltimo, tres casos son de Belgrano: un contacto estrecho y uno por b\u00fasqueda activa, 1 consulta por s\u00edntomas; tres de Ingeniero Ju\u00e1rez: dos por b\u00fasqueda activa y una consulta por s\u00edntomas; dos contactos estrechos de El Angelito y dos m\u00e1s de La Primavera; dos de Palo Santo: un contacto estrecho y una consulta por s\u00edntomas; dos de Fontana: un contacto estrecho y una consulta por s\u00edntomas; dos b\u00fasquedas activas de Moj\u00f3n de Fierro; un contacto estrecho de Herradura, otro de Siete Palmas, otro de Tatan\u00e9, otro de Bartolom\u00e9 de las Casas y uno m\u00e1s de Estanislao del Campo; una consulta por s\u00edntomas de G\u00fcemes, otro de Los Chiriguanos, otro de Lote 8 y uno m\u00e1s de El Divisadero; y un ingreso desde Chaco.<\/p>\n<p style=\"text-align: justify;\">Este mi\u00e9rcoles, adem\u00e1s, se dar\u00e1 de alta m\u00e9dica a 664 pacientes recuperados que corresponden a Formosa, 468; Piran\u00e9, 23; Misi\u00f3n Laishi, 20; Clorinda, 17; El Colorado, 16; Laguna Yema, 13; Laguna Blanca, 12; Ingeniero Ju\u00e1rez, 11; Ibarreta, 10; El Espinillo y Misi\u00f3n Pozo Yacar\u00e9, ocho en cada localidad; Villafa\u00f1e y General G\u00fcemes, siete en cada una; Gran Guardia y Las Lomitas, seis en cada una; Villa Escolar, cinco; Herradura, cuatro; Tatane y Tres Lagunas, tres en cada una; Comandante Fontana, Estanislao del Campo, General Belgrano, Moj\u00f3n de Fierro, Palo Santo y Villa Dos Trece, dos en cada una; y Buena Vista, Subteniente Perin, Palma Sola, Riacho He He y Siete Palmas, uno en cada jurisdicci\u00f3n.<\/p>\n<p style=\"text-align: justify;\">En ese marco, al 16 de junio de 2021 en la provincia de Formosa se diagnosticaron 41.185 casos de coronavirus, de los cuales 35.344 se recuperaron, 5.105 est\u00e1n activos, 701 fallecieron, 25 egresaron de la provincia y se llevaron a cabo 650.984 con el 6,33% de positividad acumulada.<\/p>\n<p style=\"text-align: justify;\">Controles<\/p>\n<p style=\"text-align: justify;\">La Polic\u00eda de la provincia registr\u00f3, en las \u00faltimas 24 horas, el ingreso al territorio de 636 camiones de carga, 167 veh\u00edculos y 281 personas; control\u00f3 en la v\u00eda p\u00fablica a 39.470 personas y 4.003 veh\u00edculos; labr\u00f3 infracciones a 11 veh\u00edculos y 240 personas por incumplimiento de medidas sanitarias; intervino una fiesta privada; detect\u00f3 tres ingresos irregulares judicializados; una violaci\u00f3n de cuarentena domiciliaria por contacto estrecho y una violaci\u00f3n de aislamiento domiciliario de caso positivo.<\/p>\n<p style=\"text-align: justify;\">Campa\u00f1a de Vacunaci\u00f3n<\/p>\n<p style=\"text-align: justify;\">Avanzando en la campa\u00f1a de vacunaci\u00f3n contra el COVID-19, el Consejo reiter\u00f3 que, el pasado martes, recibieron la segunda dosis de la vacuna SINOPHARM todos los residentes de la ciudad de Clorinda que hab\u00edan recibido la primera dosis de esta vacuna hace 21 d\u00edas o m\u00e1s.<\/p>\n<p style=\"text-align: justify;\">Por su parte, este mi\u00e9rcoles fueron vacunadas las personas de clases 1966 a 1976 residentes en las localidades de Piran\u00e9, El Corralito, Estero Grande, Loma Senes, La Disciplina, El Palmar, Pilag\u00e1 Tercero, Colonia La Loma, Palo Santo, Potrero Norte, El Coat\u00ed, Colonia el Progreso, Los Matacos, Gran Guardia y Loma El Quebranto.<\/p>\n<p style=\"text-align: justify;\">A su vez, se record\u00f3 que el pr\u00f3ximo jueves 17 de junio ser\u00e1 el turno de los adultos de las clases 1966 a 1976 residentes en las localidades de El Colorado, Colonia El Alba, Colonia Pampa Villanueva, Villa Dos Trece, El Ba\u00f1adero, Campo Hardy, La Sirena, Mayor Villafa\u00f1e, Km.142 N.R.B., Colonia el Olvido, Colonia El Rinc\u00f3n y General Victorica.<\/p>\n<p style=\"text-align: justify;\">Tanto en las localidades donde se vacun\u00f3 este mi\u00e9rcoles, as\u00ed como en aquellas en las que se vacunar\u00e1 el jueves, se incluye la inmunizaci\u00f3n de las personas que integran los grupos de riesgo de clases 1977 a 2003.<\/p>\n<p style=\"text-align: justify;\">Asimismo, en la continuidad de la vacunaci\u00f3n prevista para este mes de junio, el Consejo expuso que, el Gobernador de la Provincia anunci\u00f3 un nuevo cronograma para los pr\u00f3ximos d\u00edas.<\/p>\n<p style=\"text-align: justify;\">Por lo tanto, el pr\u00f3ximo el viernes 18 de junio estar\u00e1n recibiendo la vacuna las clases 1966 a 1976 de las localidades de Comandante Fontana, Bartolom\u00e9 de las Casas, Coronel Bogado, Alto Alegre, Rinc\u00f3n Florido, San Carlos, Subte. Per\u00edn, Riacho de Oro, Ibarreta, Colonia Reconquista, Colonia Juanita, Los Inmigrantes, km. 503 N.R.B, Estanislao del Campo, Colonia Juan B. Alberdi, Soldado Salvatierra, La Soledad, Tres Pozos y Las Choyas.<\/p>\n<p style=\"text-align: justify;\">El s\u00e1bado 19 de junio ser\u00e1n vacunados los adultos de las clases 1966 a 1976 de las localidades de Pozo del Tigre, Misi\u00f3n San Nicol\u00e1s, Lote 67, Pozo Verde, Soldado Villalba, Villa Gral. Urquiza, Campo Alegre, Paso Naite, Las Lomitas, La Bomba, Colonia Mu\u00f1iz, Campo del Cielo, Punta del Agua, Juan G. Baz\u00e1n y Fort\u00edn Soledad.<\/p>\n<p style=\"text-align: justify;\">El domingo 20 de junio se avanzar\u00e1 con las clases 1966 a 1976 de las localidades de Gral. G\u00fcemes, Colonia Sarmiento, Fort\u00edn Leyes, El Recreo, San Mart\u00edn II, Fort\u00edn Lugones, Colonia La Estrella, Isleta, Posta San Mart\u00edn I, Posta Santa Fe, Posta Cambio Zalazar y Pozo Hondo. De manera simult\u00e1nea, ese d\u00eda se realizar\u00e1 la vacunaci\u00f3n de las personas de clases 1981 a 1983 residentes en la ciudad de Formosa.<\/p>\n<p style=\"text-align: justify;\">El lunes 21 de junio les tocar\u00e1 a los adultos de las clases 1966 a 1976, residentes en las localidades de Herradura, Tatan\u00e9, Banco Payagua, Villa Escolar, Km. 100\/128, Lucio. V. Mansilla, Misi\u00f3n Laish\u00ed, Riacho Lindo, Yata\u00ed, Tres Mojones, El Esterito, El Angelito, Mariano Boedo, San Hilario, Pte. Irigoyen, Colonia Ituzaing\u00f3, Pastoril, Colonia Dalmacia, Moj\u00f3n de Fierro y Boca Riacho Pilag\u00e1.<\/p>\n<p style=\"text-align: justify;\">En ese contexto, el organismo comunic\u00f3 que, para todas las localidades mencionadas precedentemente, se habilitar\u00e1 la inscripci\u00f3n para las personas que integren los grupos de riesgo frente al COVID-19 de las clases 1977 a 2003 a fin de que puedan recibir la vacuna en la misma jornada de vacunaci\u00f3n general prevista para cada una de estas localidades.<\/p>\n<p style=\"text-align: justify;\">Las jornadas se realizar\u00e1n en los horarios y establecimientos educativos que oportunamente ser\u00e1n informados.<\/p>\n<p style=\"text-align: justify;\">Jornada consecutiva N\u00b030<\/p>\n<p style=\"text-align: justify;\">Por \u00faltimo, el Consejo sostuvo que este mi\u00e9rcoles se realiz\u00f3 la jornada consecutiva n\u00famero 30 de vacunaci\u00f3n contra el COVID-19 que se despleg\u00f3 en todo el territorio provincial siguiendo estrictos criterios epidemiol\u00f3gicos.<\/p>\n<p style=\"text-align: justify;\">Indic\u00f3, tambi\u00e9n, que el Gobernador de la Provincia anunci\u00f3 otras cuatro jornadas de vacunaci\u00f3n que incluyen a vecinos de 67 ciudades, pueblos, colonias y comunidades de la provincia.<\/p>\n<p style=\"text-align: justify;\">\u201cEsta es la mayor campa\u00f1a de vacunaci\u00f3n de nuestra historia y es posible gracias a la unidad, la organizaci\u00f3n y la solidaridad que hemos afianzado como pueblo y gobierno en estos meses de pandemia\u201d, asever\u00f3 el organismo.<\/p>\n<p style=\"text-align: justify;\">Y agreg\u00f3: \u201cEn particular, destacamos el trabajo de los miles de formose\u00f1os y formose\u00f1as que desde el lugar que les toca est\u00e1n haciendo llegar las vacunas a todos los formose\u00f1os y formose\u00f1as en cada rinc\u00f3n de la provincia\u201d.<\/p>\n<p style=\"text-align: justify;\">Para finalizar, el Consejo manifest\u00f3 que cada dosis aplicada \u201ces un acto de amor, de cuidado y de esperanza, que nos acerca cada vez m\u00e1s a la nueva normalidad que alcanzaremos en el marco de esta pandemia\u201d.<\/p>\n","protected":false},"excerpt":{"rendered":"<div class=\"mh-excerpt\"><p>Adem\u00e1s, el porcentaje de positividad de casos disminuy\u00f3 al 8% y hay previstas jornadas de vacunaci\u00f3n para 67 localidades del territorio provincial en la pr\u00f3xima <a class=\"mh-excerpt-more\" href=\"https:\/\/primiciasclorinda.com\/?p=24701\" title=\"La provincia de Formosa ya super\u00f3 los 700 fallecidos por COVID 19\">[&#8230;]<\/a><\/p>\n<\/div>","protected":false},"author":3,"featured_media":24702,"comment_status":"open","ping_status":"open","sticky":false,"template":"","format":"standard","meta":{"footnotes":""},"categories":[4,3],"tags":[2870,3023,23],"class_list":["post-24701","post","type-post","status-publish","format-standard","has-post-thumbnail","hentry","category-informacion-general","category-politica-economia","tag-coronavirus","tag-covid19","tag-formosa"],"_links":{"self":[{"href":"https:\/\/primiciasclorinda.com\/index.php?rest_route=\/wp\/v2\/posts\/24701","targetHints":{"allow":["GET"]}}],"collection":[{"href":"https:\/\/primiciasclorinda.com\/index.php?rest_route=\/wp\/v2\/posts"}],"about":[{"href":"https:\/\/primiciasclorinda.com\/index.php?rest_route=\/wp\/v2\/types\/post"}],"author":[{"embeddable":true,"href":"https:\/\/primiciasclorinda.com\/index.php?rest_route=\/wp\/v2\/users\/3"}],"replies":[{"embeddable":true,"href":"https:\/\/primiciasclorinda.com\/index.php?rest_route=%2Fwp%2Fv2%2Fcomments&post=24701"}],"version-history":[{"count":1,"href":"https:\/\/primiciasclorinda.com\/index.php?rest_route=\/wp\/v2\/posts\/24701\/revisions"}],"predecessor-version":[{"id":24703,"href":"https:\/\/primiciasclorinda.com\/index.php?rest_route=\/wp\/v2\/posts\/24701\/revisions\/24703"}],"wp:featuredmedia":[{"embeddable":true,"href":"https:\/\/primiciasclorinda.com\/index.php?rest_route=\/wp\/v2\/media\/24702"}],"wp:attachment":[{"href":"https:\/\/primiciasclorinda.com\/index.php?rest_route=%2Fwp%2Fv2%2Fmedia&parent=24701"}],"wp:term":[{"taxonomy":"category","embeddable":true,"href":"https:\/\/primiciasclorinda.com\/index.php?rest_route=%2Fwp%2Fv2%2Fcategories&post=24701"},{"taxonomy":"post_tag","embeddable":true,"href":"https:\/\/primiciasclorinda.com\/index.php?rest_route=%2Fwp%2Fv2%2Ftags&post=24701"}],"curies":[{"name":"wp","href":"https:\/\/api.w.org\/{rel}","templated":true}]}}