{"id":24695,"date":"2021-06-15T18:22:22","date_gmt":"2021-06-15T21:22:22","guid":{"rendered":"http:\/\/primiciasclorinda.com\/?p=24695"},"modified":"2021-06-15T18:22:22","modified_gmt":"2021-06-15T21:22:22","slug":"trotta-sobre-las-clases-a-distancia-en-formosa-es-una-decision-correcta-en-el-marco-de-la-segunda-ola-del-covid-19","status":"publish","type":"post","link":"https:\/\/primiciasclorinda.com\/?p=24695","title":{"rendered":"Trotta, sobre las clases a distancia en Formosa: \u201cEs una decisi\u00f3n correcta en el marco de la segunda ola del COVID-19\u201d"},"content":{"rendered":"<p style=\"text-align: justify;\">En la conferencia de prensa brindada este martes 15 en Casa de Gobierno, el ministro de Educaci\u00f3n de la Naci\u00f3n, Nicol\u00e1s Trotta, se refiri\u00f3 a la educaci\u00f3n formose\u00f1a en el marco de la pandemia y destac\u00f3 la decisi\u00f3n del Estado provincial de no retomar las clases presenciales, ya que el \u00edndice epidemiol\u00f3gico del territorio no es el adecuado.<\/p>\n<p style=\"text-align: justify;\">\u201cEs importante dejar en claro la enorme complejidad que implica la pandemia para la humanidad, para la Argentina y para nuestro sistema educativo\u201d, manifest\u00f3 Trotta en declaraciones recogidas por AGENFOR.<\/p>\n<p style=\"text-align: justify;\">\u201cEn primera instancia quiero resaltar y destacar el enorme compromiso de toda la comunidad educativa argentina y en particular el de la provincia de Formosa, al asumir el desaf\u00edo de seguir educando en el marco de la pandemia\u201d, subray\u00f3.<\/p>\n<p style=\"text-align: justify;\">En relaci\u00f3n a la decisi\u00f3n del Gobierno provincial de optar por la modalidad de clases a distancia, el funcionario expres\u00f3: \u201cPara nosotros esto se enmarca en una decisi\u00f3n correcta en el marco de la realidad por el impacto de la segunda ola de la pandemia del COVID-19\u201d, destac\u00f3.<\/p>\n<p style=\"text-align: justify;\">Avanz\u00f3: \u201cPor supuesto que la decisi\u00f3n no se enmarca en el deseo, sino en la responsabilidad del an\u00e1lisis de las variables sanitarias y epidemiol\u00f3gicas y en ese sentido, nuestra visita en el mes de febrero fue para reafirmar el compromiso de transitar la presencialidad cuidada en los distintos puntos del territorio\u201d.<\/p>\n<p style=\"text-align: justify;\">Consensos federales<\/p>\n<p style=\"text-align: justify;\">\u201cHemos construido consensos federales para poder transitar de la mejor manera esta pandemia. Lo ha dicho nuestro presidente Alberto Fern\u00e1ndez y nosotros lo hemos reafirmado, no pueden existir en Argentina 24 estrategias sanitarias porque las malas decisiones de una jurisdicci\u00f3n impactan en todo el territorio argentino, ya que el COVID-19 no conoce de fronteras\u201d, acentu\u00f3.<\/p>\n<p style=\"text-align: justify;\">En este sentido, record\u00f3 que en el mes de febrero, en el Consejo Federal de Educaci\u00f3n (CEF) \u201cse dictaron resoluciones necesarias para permitir, en Argentina, un regreso a la presencialidad cuidada\u201d.<\/p>\n<p style=\"text-align: justify;\">\u201cAl momento en que nos impact\u00f3 la segunda ola, creamos nuevos par\u00e1metros epidemiol\u00f3gicos que permiten a cada jurisdicci\u00f3n, cumpliendo con el DNU y las resoluciones del CEF, tomar esa decisi\u00f3n en la m\u00ednima unidad geogr\u00e1fica posible sin entrar en el terreno de la especulaci\u00f3n sino del an\u00e1lisis de la informaci\u00f3n sanitaria\u201d, ampli\u00f3.<\/p>\n<p style=\"text-align: justify;\">Y detall\u00f3: \u201cTiene que existir una tasa de incidencia inferior a los 500 casos cada 100 mil habitantes en el territorio y en segunda instancia que la ocupaci\u00f3n de camas de cuidados intensivos no supere el 80%\u201d, explic\u00f3 Trotta seg\u00fan recab\u00f3 esta Agencia.<\/p>\n<p style=\"text-align: justify;\">Cuando se dan estos dos factores \u201cnosotros somos promotores del regreso de la presencialidad\u201d y aclar\u00f3: \u201cPor supuesto, en un pa\u00eds federal, es decisi\u00f3n de cada jurisdicci\u00f3n y ese es el compromiso del Gobierno de Formosa, como el de gran parte de las provincias argentinas\u201d, destac\u00f3.<\/p>\n<p style=\"text-align: justify;\">Con respecto de esto, lament\u00f3 que \u201chaya algunas provincias que no cumplan ese consenso\u201d, lo cual \u201cpara nosotros es una equivocaci\u00f3n porque no s\u00f3lo pone en riesgo a los ciudadanos y ciudadanas de ese territorio particular, sino tambi\u00e9n la seguridad y estrategia sanitaria de todos los argentinos y argentinas\u201d.<\/p>\n<p style=\"text-align: justify;\">En conclusi\u00f3n, Trotta remarc\u00f3 categ\u00f3rico: \u201cPara nosotros es fundamental que m\u00e1s que mirar encuestas, como lo hacen algunos dirigentes pol\u00edticos, lo que hay que analizar son las variables sanitarias epidemiol\u00f3gicas, apenas ellas permitan e indiquen que la tasa de incidencia est\u00e9 por debajo de lo acordado, tenemos que avanzar con la presencialidad porque la escuela es irremplazable; los aprendizajes que se dan en el hogar son m\u00e1s desiguales de los que se pueden dar en la escuela\u201d, asever\u00f3.<\/p>\n","protected":false},"excerpt":{"rendered":"<div class=\"mh-excerpt\"><p>En la conferencia de prensa brindada este martes 15 en Casa de Gobierno, el ministro de Educaci\u00f3n de la Naci\u00f3n, Nicol\u00e1s Trotta, se refiri\u00f3 a <a class=\"mh-excerpt-more\" href=\"https:\/\/primiciasclorinda.com\/?p=24695\" title=\"Trotta, sobre las clases a distancia en Formosa: \u201cEs una decisi\u00f3n correcta en el marco de la segunda ola del COVID-19\u201d\">[&#8230;]<\/a><\/p>\n<\/div>","protected":false},"author":3,"featured_media":24696,"comment_status":"open","ping_status":"open","sticky":false,"template":"","format":"standard","meta":{"footnotes":""},"categories":[4,3],"tags":[159,23,2948],"class_list":["post-24695","post","type-post","status-publish","format-standard","has-post-thumbnail","hentry","category-informacion-general","category-politica-economia","tag-educacion","tag-formosa","tag-nicolas-trotta"],"_links":{"self":[{"href":"https:\/\/primiciasclorinda.com\/index.php?rest_route=\/wp\/v2\/posts\/24695","targetHints":{"allow":["GET"]}}],"collection":[{"href":"https:\/\/primiciasclorinda.com\/index.php?rest_route=\/wp\/v2\/posts"}],"about":[{"href":"https:\/\/primiciasclorinda.com\/index.php?rest_route=\/wp\/v2\/types\/post"}],"author":[{"embeddable":true,"href":"https:\/\/primiciasclorinda.com\/index.php?rest_route=\/wp\/v2\/users\/3"}],"replies":[{"embeddable":true,"href":"https:\/\/primiciasclorinda.com\/index.php?rest_route=%2Fwp%2Fv2%2Fcomments&post=24695"}],"version-history":[{"count":1,"href":"https:\/\/primiciasclorinda.com\/index.php?rest_route=\/wp\/v2\/posts\/24695\/revisions"}],"predecessor-version":[{"id":24697,"href":"https:\/\/primiciasclorinda.com\/index.php?rest_route=\/wp\/v2\/posts\/24695\/revisions\/24697"}],"wp:featuredmedia":[{"embeddable":true,"href":"https:\/\/primiciasclorinda.com\/index.php?rest_route=\/wp\/v2\/media\/24696"}],"wp:attachment":[{"href":"https:\/\/primiciasclorinda.com\/index.php?rest_route=%2Fwp%2Fv2%2Fmedia&parent=24695"}],"wp:term":[{"taxonomy":"category","embeddable":true,"href":"https:\/\/primiciasclorinda.com\/index.php?rest_route=%2Fwp%2Fv2%2Fcategories&post=24695"},{"taxonomy":"post_tag","embeddable":true,"href":"https:\/\/primiciasclorinda.com\/index.php?rest_route=%2Fwp%2Fv2%2Ftags&post=24695"}],"curies":[{"name":"wp","href":"https:\/\/api.w.org\/{rel}","templated":true}]}}