{"id":24691,"date":"2021-06-15T18:16:44","date_gmt":"2021-06-15T21:16:44","guid":{"rendered":"http:\/\/primiciasclorinda.com\/?p=24691"},"modified":"2021-06-15T18:16:44","modified_gmt":"2021-06-15T21:16:44","slug":"insfran-tomamos-las-medidas-necesarias-porque-cuidamos-la-salud-y-la-vida-de-los-formosenos","status":"publish","type":"post","link":"https:\/\/primiciasclorinda.com\/?p=24691","title":{"rendered":"Insfr\u00e1n: \u201cTomamos las medidas necesarias porque cuidamos la salud y la vida de los formose\u00f1os\u201d"},"content":{"rendered":"<p style=\"text-align: justify;\">En una nueva visita a Formosa del ministro de Educaci\u00f3n de la Naci\u00f3n, Nicol\u00e1s Trotta, el gobernador Gildo Insfr\u00e1n enfatiz\u00f3 que \u201ctomamos las medidas necesarias para corregir el efecto que produjo la politizaci\u00f3n de la pandemia\u201d, ya que \u201ccuidamos la salud y la vida de los formose\u00f1os\u201d.<\/p>\n<p style=\"text-align: justify;\">Al encabezar este martes 15 la firma de diversos convenios con el titular de la cartera educativa nacional en la Casa de Gobierno, el primer mandatario manifest\u00f3 que \u201cno podemos olvidar ni negar la situaci\u00f3n del COVID-19\u201d, en declaraciones recogidas por la Agencia de Noticias Formosa (AGENFOR).<\/p>\n<p style=\"text-align: justify;\">Recalc\u00f3 que esta coyuntura \u201cno ocurre s\u00f3lo en la provincia de Formosa, sino en todo el mundo\u201d, marcando que val\u00eda esa aclaraci\u00f3n porque \u201ctodav\u00eda hay comprovincianos que siguen negando esta situaci\u00f3n\u201d.<\/p>\n<p style=\"text-align: justify;\">Ante este contexto, apunt\u00f3 que \u201cvamos tomando las medidas\u201d necesarias para paliar los efectos nocivos que genera el coronavirus, las que si bien \u201cno son nada simp\u00e1ticas\u201d se llevan adelante, porque \u201cnosotros hemos decidido cuidar la salud y la vida de los formose\u00f1os\u201d.<\/p>\n<p style=\"text-align: justify;\">\u201cHay que tomar medidas restrictivas\u201d, plante\u00f3, al mencionar que \u201clos pa\u00edses del mundo que han actuado de esta manera, hoy tienen resultados extraordinarios\u201d, poniendo como ejemplo el caso de Noruega, que \u201cest\u00e1 volviendo pr\u00e1cticamente a una normalidad\u201d.<\/p>\n<p style=\"text-align: justify;\">Record\u00f3 que el a\u00f1o pasado, gracias a las medidas sanitarias adoptadas por la provincia desde el inicio de la pandemia, \u201cterminamos con solamente un fallecido y menos de 250 casos activos\u201d.<\/p>\n<p style=\"text-align: justify;\">Luego, tras el inicio del 2021, \u201calgunas \u2018travesuras\u2019 nos llevaron a esta situaci\u00f3n\u201d, ironiz\u00f3, porque desde sectores de la oposici\u00f3n \u201cpolitizaron la pandemia a trav\u00e9s de medidas judiciales y un apoyo medi\u00e1tico de la prensa porte\u00f1a que ha hecho bastante da\u00f1o al sistema sanitario\u201d.<\/p>\n<p style=\"text-align: justify;\">Ante este panorama, expuso el gobernador Insfr\u00e1n que \u201ctuvimos que tomar medidas que no eran las correctas, porque deb\u00edamos adecuarnos a las exigencias de los distintos fallos que sal\u00edan del fuero federal\u201d, lo cual \u201cprodujo el efecto que estamos ahora tratando de corregir\u201d.<\/p>\n<p style=\"text-align: justify;\">\u201cTenemos casi 700 muertos que hubi\u00e9ramos querido que no ocurriesen, pero esta es la realidad \u2013sostuvo-. Hay 40 mil casos que se dieron en la provincia y mayo fue el mes m\u00e1s terrible\u201d.<\/p>\n<p style=\"text-align: justify;\">No obstante, se\u00f1al\u00f3 que \u201choy podemos decir que bajamos los casos diarios\u201d, pasando de 1170 a 440 casos en la provincia, 258 de ellos en Formosa Capital y los restantes en el interior.<\/p>\n","protected":false},"excerpt":{"rendered":"<div class=\"mh-excerpt\"><p>En una nueva visita a Formosa del ministro de Educaci\u00f3n de la Naci\u00f3n, Nicol\u00e1s Trotta, el gobernador Gildo Insfr\u00e1n enfatiz\u00f3 que \u201ctomamos las medidas necesarias <a class=\"mh-excerpt-more\" href=\"https:\/\/primiciasclorinda.com\/?p=24691\" title=\"Insfr\u00e1n: \u201cTomamos las medidas necesarias porque cuidamos la salud y la vida de los formose\u00f1os\u201d\">[&#8230;]<\/a><\/p>\n<\/div>","protected":false},"author":3,"featured_media":24692,"comment_status":"open","ping_status":"open","sticky":false,"template":"","format":"standard","meta":{"footnotes":""},"categories":[3],"tags":[18,58],"class_list":["post-24691","post","type-post","status-publish","format-standard","has-post-thumbnail","hentry","category-politica-economia","tag-gildo-insfran","tag-gobierno-de-formosa"],"_links":{"self":[{"href":"https:\/\/primiciasclorinda.com\/index.php?rest_route=\/wp\/v2\/posts\/24691","targetHints":{"allow":["GET"]}}],"collection":[{"href":"https:\/\/primiciasclorinda.com\/index.php?rest_route=\/wp\/v2\/posts"}],"about":[{"href":"https:\/\/primiciasclorinda.com\/index.php?rest_route=\/wp\/v2\/types\/post"}],"author":[{"embeddable":true,"href":"https:\/\/primiciasclorinda.com\/index.php?rest_route=\/wp\/v2\/users\/3"}],"replies":[{"embeddable":true,"href":"https:\/\/primiciasclorinda.com\/index.php?rest_route=%2Fwp%2Fv2%2Fcomments&post=24691"}],"version-history":[{"count":1,"href":"https:\/\/primiciasclorinda.com\/index.php?rest_route=\/wp\/v2\/posts\/24691\/revisions"}],"predecessor-version":[{"id":24693,"href":"https:\/\/primiciasclorinda.com\/index.php?rest_route=\/wp\/v2\/posts\/24691\/revisions\/24693"}],"wp:featuredmedia":[{"embeddable":true,"href":"https:\/\/primiciasclorinda.com\/index.php?rest_route=\/wp\/v2\/media\/24692"}],"wp:attachment":[{"href":"https:\/\/primiciasclorinda.com\/index.php?rest_route=%2Fwp%2Fv2%2Fmedia&parent=24691"}],"wp:term":[{"taxonomy":"category","embeddable":true,"href":"https:\/\/primiciasclorinda.com\/index.php?rest_route=%2Fwp%2Fv2%2Fcategories&post=24691"},{"taxonomy":"post_tag","embeddable":true,"href":"https:\/\/primiciasclorinda.com\/index.php?rest_route=%2Fwp%2Fv2%2Ftags&post=24691"}],"curies":[{"name":"wp","href":"https:\/\/api.w.org\/{rel}","templated":true}]}}