{"id":24666,"date":"2021-06-14T21:01:27","date_gmt":"2021-06-15T00:01:27","guid":{"rendered":"http:\/\/primiciasclorinda.com\/?p=24666"},"modified":"2021-06-14T21:03:06","modified_gmt":"2021-06-15T00:03:06","slug":"con-un-temario-variado-el-hcd-sesiono-este-lunes","status":"publish","type":"post","link":"https:\/\/primiciasclorinda.com\/?p=24666","title":{"rendered":"Con un temario variado el HCD sesion\u00f3 este lunes"},"content":{"rendered":"<p style=\"text-align: justify;\">Este lunes se desarroll\u00f3 una nueva sesi\u00f3n del Concejo Deliberante de nuestra ciudad, con ausencia de dos ediles, los Concejales Nicol\u00e1s Cabral y Rub\u00e9n Acosta. Dentro del sumario han estado incluidos dos expedientes.<\/p>\n<p style=\"text-align: justify;\">El primero, el expediente N\u00ba 37-I-2021 caratulado: Intendente Municipal Don Manuel Celauro. Remite Expediente N\u00ba 848-D-2021 conteniendo Proyecto de Ordenanza referente a establecer el \u00fanico sentido de circulaci\u00f3n vehicular de la Av. Tucum\u00e1n, desde la intersecci\u00f3n de la calle Bartolom\u00e9 Mitre hasta su intersecci\u00f3n con la colectora Porfirio Costadoni, que fue remitido a la comisi\u00f3n uno.<\/p>\n<p style=\"text-align: justify;\">Por otra parte el proyecto presentado por concejales del bloque Frente de la Victoria, Expediente N\u00ba 47-C-2021 caratulado: Concejales del Bloque Frente de la Victoria presentan Proyecto de Declaraci\u00f3n referente a habilitar una oficina de Defensa al Consumidor en las instalaciones municipales, que ser\u00e1 tratado en la comisi\u00f3n mixta 1 ,2 y 4.<\/p>\n","protected":false},"excerpt":{"rendered":"<div class=\"mh-excerpt\"><p>Este lunes se desarroll\u00f3 una nueva sesi\u00f3n del Concejo Deliberante de nuestra ciudad, con ausencia de dos ediles, los Concejales Nicol\u00e1s Cabral y Rub\u00e9n Acosta. <a class=\"mh-excerpt-more\" href=\"https:\/\/primiciasclorinda.com\/?p=24666\" title=\"Con un temario variado el HCD sesion\u00f3 este lunes\">[&#8230;]<\/a><\/p>\n<\/div>","protected":false},"author":3,"featured_media":24670,"comment_status":"open","ping_status":"open","sticky":false,"template":"","format":"standard","meta":{"footnotes":""},"categories":[3],"tags":[26,331,319],"class_list":["post-24666","post","type-post","status-publish","format-standard","has-post-thumbnail","hentry","category-politica-economia","tag-clorinda","tag-concejo-deliberante","tag-hcd"],"_links":{"self":[{"href":"https:\/\/primiciasclorinda.com\/index.php?rest_route=\/wp\/v2\/posts\/24666","targetHints":{"allow":["GET"]}}],"collection":[{"href":"https:\/\/primiciasclorinda.com\/index.php?rest_route=\/wp\/v2\/posts"}],"about":[{"href":"https:\/\/primiciasclorinda.com\/index.php?rest_route=\/wp\/v2\/types\/post"}],"author":[{"embeddable":true,"href":"https:\/\/primiciasclorinda.com\/index.php?rest_route=\/wp\/v2\/users\/3"}],"replies":[{"embeddable":true,"href":"https:\/\/primiciasclorinda.com\/index.php?rest_route=%2Fwp%2Fv2%2Fcomments&post=24666"}],"version-history":[{"count":2,"href":"https:\/\/primiciasclorinda.com\/index.php?rest_route=\/wp\/v2\/posts\/24666\/revisions"}],"predecessor-version":[{"id":24669,"href":"https:\/\/primiciasclorinda.com\/index.php?rest_route=\/wp\/v2\/posts\/24666\/revisions\/24669"}],"wp:featuredmedia":[{"embeddable":true,"href":"https:\/\/primiciasclorinda.com\/index.php?rest_route=\/wp\/v2\/media\/24670"}],"wp:attachment":[{"href":"https:\/\/primiciasclorinda.com\/index.php?rest_route=%2Fwp%2Fv2%2Fmedia&parent=24666"}],"wp:term":[{"taxonomy":"category","embeddable":true,"href":"https:\/\/primiciasclorinda.com\/index.php?rest_route=%2Fwp%2Fv2%2Fcategories&post=24666"},{"taxonomy":"post_tag","embeddable":true,"href":"https:\/\/primiciasclorinda.com\/index.php?rest_route=%2Fwp%2Fv2%2Ftags&post=24666"}],"curies":[{"name":"wp","href":"https:\/\/api.w.org\/{rel}","templated":true}]}}