{"id":24663,"date":"2021-06-14T20:52:53","date_gmt":"2021-06-14T23:52:53","guid":{"rendered":"http:\/\/primiciasclorinda.com\/?p=24663"},"modified":"2021-06-14T20:52:53","modified_gmt":"2021-06-14T23:52:53","slug":"covid-19-las-personas-que-no-pudieron-vacunarse-en-su-turno-podran-reprogramar-la-aplicacion","status":"publish","type":"post","link":"https:\/\/primiciasclorinda.com\/?p=24663","title":{"rendered":"COVID 19: Las personas que no pudieron vacunarse en su turno, podr\u00e1n reprogramar la aplicaci\u00f3n"},"content":{"rendered":"<p style=\"text-align: justify;\">El medico infect\u00f3logo Juli\u00e1n Bibolini, durante el parte informativo del Consejo de Atenci\u00f3n Integral de la Emergencia COVID-19 \u201cDoctor Enrique Serv\u00edan\u201d, brind\u00f3 informaci\u00f3n para las personas que no se asistieron a aplicarse la vacuna el d\u00eda que les correspond\u00eda.<\/p>\n<p style=\"text-align: justify;\">Asimismo, expres\u00f3 que \u201caquellas personas que por alg\u00fan motivo particular no pudieron asistir a la vacunarse el d\u00eda correspondiente, pueden asistir al centro de salud m\u00e1s cercano a su domicilio, para planificar su vacunaci\u00f3n y desde all\u00ed se solicitar\u00e1 la dosis\u201d.<\/p>\n<p style=\"text-align: justify;\">Adem\u00e1s, hizo hincapi\u00e9 en la importancia de la inoculaci\u00f3n: \u201cVac\u00fanense, porque es una herramienta fundamental\u201d y record\u00f3 que \u201cest\u00e1 dando buenos resultados, eso se pudo demostrar en los lugares donde ya alcanz\u00f3 un n\u00famero significativo de dosis aplicadas\u201d.<\/p>\n<p style=\"text-align: justify;\">En esa misma l\u00ednea, el profesional afirm\u00f3 que \u201ca eso queremos llegar para que toda la poblaci\u00f3n se beneficie y aquellos que no puedan vacunarse por ciertas razones, sean cubiertos por la protecci\u00f3n de reba\u00f1o\u201d.<\/p>\n<p style=\"text-align: justify;\">UTI<\/p>\n<p style=\"text-align: justify;\">Por otra parte, el infect\u00f3logo puntualiz\u00f3 que, actualmente, hay 143 personas internadas en UTI (Unidad de Terapia Intensiva) de toda la provincia; y lament\u00f3 que \u201cestos pacientes son los tienen mayor probabilidad de mortalidad\u201d.<\/p>\n<p style=\"text-align: justify;\">Siguiendo ese orden, inform\u00f3 que m\u00e1s del 80% son personas que se internaron hace m\u00e1s de 10 d\u00edas; y asever\u00f3: \u201cLos cuadros se descompensan luego de quinto o d\u00e9cimo d\u00eda del diagn\u00f3stico\u201d.<\/p>\n<p style=\"text-align: justify;\">Para concluir, hizo un llamado a la comunidad y dijo que \u201csigamos respetando las medidas de cuidado y tengamos paciencia con las vacunas, porque hay mucha gente que todav\u00eda no fue inoculada\u201d.<\/p>\n","protected":false},"excerpt":{"rendered":"<div class=\"mh-excerpt\"><p>El medico infect\u00f3logo Juli\u00e1n Bibolini, durante el parte informativo del Consejo de Atenci\u00f3n Integral de la Emergencia COVID-19 \u201cDoctor Enrique Serv\u00edan\u201d, brind\u00f3 informaci\u00f3n para las <a class=\"mh-excerpt-more\" href=\"https:\/\/primiciasclorinda.com\/?p=24663\" title=\"COVID 19: Las personas que no pudieron vacunarse en su turno, podr\u00e1n reprogramar la aplicaci\u00f3n\">[&#8230;]<\/a><\/p>\n<\/div>","protected":false},"author":3,"featured_media":24664,"comment_status":"open","ping_status":"open","sticky":false,"template":"","format":"standard","meta":{"footnotes":""},"categories":[4,3],"tags":[2870,58,847],"class_list":["post-24663","post","type-post","status-publish","format-standard","has-post-thumbnail","hentry","category-informacion-general","category-politica-economia","tag-coronavirus","tag-gobierno-de-formosa","tag-vacunacion"],"_links":{"self":[{"href":"https:\/\/primiciasclorinda.com\/index.php?rest_route=\/wp\/v2\/posts\/24663","targetHints":{"allow":["GET"]}}],"collection":[{"href":"https:\/\/primiciasclorinda.com\/index.php?rest_route=\/wp\/v2\/posts"}],"about":[{"href":"https:\/\/primiciasclorinda.com\/index.php?rest_route=\/wp\/v2\/types\/post"}],"author":[{"embeddable":true,"href":"https:\/\/primiciasclorinda.com\/index.php?rest_route=\/wp\/v2\/users\/3"}],"replies":[{"embeddable":true,"href":"https:\/\/primiciasclorinda.com\/index.php?rest_route=%2Fwp%2Fv2%2Fcomments&post=24663"}],"version-history":[{"count":1,"href":"https:\/\/primiciasclorinda.com\/index.php?rest_route=\/wp\/v2\/posts\/24663\/revisions"}],"predecessor-version":[{"id":24665,"href":"https:\/\/primiciasclorinda.com\/index.php?rest_route=\/wp\/v2\/posts\/24663\/revisions\/24665"}],"wp:featuredmedia":[{"embeddable":true,"href":"https:\/\/primiciasclorinda.com\/index.php?rest_route=\/wp\/v2\/media\/24664"}],"wp:attachment":[{"href":"https:\/\/primiciasclorinda.com\/index.php?rest_route=%2Fwp%2Fv2%2Fmedia&parent=24663"}],"wp:term":[{"taxonomy":"category","embeddable":true,"href":"https:\/\/primiciasclorinda.com\/index.php?rest_route=%2Fwp%2Fv2%2Fcategories&post=24663"},{"taxonomy":"post_tag","embeddable":true,"href":"https:\/\/primiciasclorinda.com\/index.php?rest_route=%2Fwp%2Fv2%2Ftags&post=24663"}],"curies":[{"name":"wp","href":"https:\/\/api.w.org\/{rel}","templated":true}]}}