{"id":24660,"date":"2021-06-14T20:51:11","date_gmt":"2021-06-14T23:51:11","guid":{"rendered":"http:\/\/primiciasclorinda.com\/?p=24660"},"modified":"2021-06-14T20:51:11","modified_gmt":"2021-06-14T23:51:11","slug":"chile-prohibio-las-segundas-dosis-de-astrazeneca-en-hombres-menores-de-45-anos-recibiran-la-de-pfizer","status":"publish","type":"post","link":"https:\/\/primiciasclorinda.com\/?p=24660","title":{"rendered":"Chile prohibi\u00f3 las segundas dosis de AstraZeneca en hombres menores de 45 a\u00f1os: recibir\u00e1n la de Pfizer"},"content":{"rendered":"<p style=\"text-align: justify;\">El pa\u00eds andino decidi\u00f3 que quienes deban completar su programa de vacunaci\u00f3n lo hagan con dosis del laboratorio estadounidense.<\/p>\n<p>Las autoridades sanitarias de Chile informaron este lunes que prohibir\u00e1n las segundas dosis de la vacuna contra la COVID-19 de AstraZeneca en hombres menores de 45 a\u00f1os, quienes recibir\u00e1n Pfizer para finalizar su inmunizaci\u00f3n a partir de esta semana.<\/p>\n<p style=\"text-align: justify;\">\u201cPara los (hombres) menores de 45 a\u00f1os que ya recibieron una dosis de AstraZeneca, se determin\u00f3 que completen su vacunaci\u00f3n con Pfizer\u201d, afirm\u00f3 la subsecretaria de Salud, Paula Daza.<\/p>\n<p style=\"text-align: justify;\">El pasado 3 de junio, un caso confirmado de trombosis en un joven de 31 a\u00f1os llev\u00f3 a suspender temporalmente la administraci\u00f3n de segundas dosis de la vacuna inglesa, que solo se aplica en mujeres mayores de 55 a\u00f1os.<\/p>\n<p style=\"text-align: justify;\">Chile lleva a cabo uno de los procesos de inmunizaci\u00f3n contra la COVID-19 m\u00e1s exitosos del mundo: ya ha inoculado con dos dosis al 59,2% de la poblaci\u00f3n objetivo, lo que implica que ya han sido convocados de forma voluntaria todos los mayores de 20 a\u00f1os. A partir de esta semana se comenzar\u00e1 el proceso con los menores de edad.<\/p>\n<p style=\"text-align: justify;\">Pese a ello, el pa\u00eds vive desde hace varias semanas un agravamiento de la pandemia que ha llevado a poner en cuarentena todo Santiago desde el pasado s\u00e1bado y a extender el estado de alerta sanitaria durante otros tres meses, hasta el 30 de septiembre.<\/p>\n<p style=\"text-align: justify;\">La alerta sanitaria, aclararon las autoridades, permite tomar algunas medidas restrictivas respecto a la pandemia, pero no implica que se vaya a ampliar el Estado de excepci\u00f3n, que deber\u00e1 ser propuesto por el presidente y aprobado en el Parlamento y que permite, entre otras cosas, militarizar las calles.<\/p>\n<p style=\"text-align: justify;\">En las \u00faltimas 24 horas, la ocupaci\u00f3n de unidades de cuidados intensivos (UCI) se situ\u00f3 por encima del 95%, tras registrarse 3.290 pacientes en estado grave (una de las cifras m\u00e1s altas desde que lleg\u00f3 el virus), lo que implica que solo quedan 160 camas cr\u00edticas libres en todo el pa\u00eds.<\/p>\n<p style=\"text-align: justify;\">Adem\u00e1s, se sumaron 6.234 contagios y 97 decesos que dejan el balance total de la pandemia en m\u00e1s de 1,46 millones de casos y 30.804 muertes y una tasa de positividad nacional -n\u00famero de test PCR positivos por cada 100 realizados- del 8 por ciento.<\/p>\n<p style=\"text-align: justify;\">Desde el Ministerio de Salud informaron que un 73% de los contagios registrados la semana pasada corresponden a gente que no hab\u00eda completado su vacunaci\u00f3n.<\/p>\n<p style=\"text-align: justify;\">El pa\u00eds mantiene el estado de excepci\u00f3n por cat\u00e1strofe desde hace m\u00e1s de un a\u00f1o, el toque de queda de 22.00 horas a 5.00 horas y las fronteras cerradas hasta el 30 de junio.<\/p>\n<p style=\"text-align: justify;\">Ayer, Chile super\u00f3 por cuarto d\u00eda consecutivo la barrera de los 7.000 infectados nuevos de covid-19 tras sumar 7.529 contagios y 128 decesos que dejan el balance total de la pandemia en m\u00e1s de 1,46 millones de casos y 30.707 muertes.<\/p>\n<p style=\"text-align: justify;\">El pa\u00eds vive el momento m\u00e1s cr\u00edtico desde que comenz\u00f3 la pandemia, una situaci\u00f3n similar a la segunda ola de marzo y abril, que tiene al pa\u00eds con las unidades de cuidados intensivos (UCI) al borde del colapso y con la capital confinada desde este s\u00e1bado para evitar la propagaci\u00f3n del virus.<\/p>\n<p style=\"text-align: justify;\">Pese a que el pa\u00eds lleva a cabo uno de los proceso de vacunaci\u00f3n m\u00e1s exitosos del mundo, casi el 60 % de la poblaci\u00f3n objetivo ya ha recibido dos dosis, en las \u00faltimas 24 horas se contabilizaron solo 180 camas cr\u00edticas disponibles y 3.292 pacientes en estado grave, una de las cifras m\u00e1s altas desde que lleg\u00f3 el virus.<\/p>\n<p>Fuente: Infobae.com<\/p>\n","protected":false},"excerpt":{"rendered":"<div class=\"mh-excerpt\"><p>El pa\u00eds andino decidi\u00f3 que quienes deban completar su programa de vacunaci\u00f3n lo hagan con dosis del laboratorio estadounidense. Las autoridades sanitarias de Chile informaron <a class=\"mh-excerpt-more\" href=\"https:\/\/primiciasclorinda.com\/?p=24660\" title=\"Chile prohibi\u00f3 las segundas dosis de AstraZeneca en hombres menores de 45 a\u00f1os: recibir\u00e1n la de Pfizer\">[&#8230;]<\/a><\/p>\n<\/div>","protected":false},"author":3,"featured_media":24661,"comment_status":"open","ping_status":"open","sticky":false,"template":"","format":"standard","meta":{"footnotes":""},"categories":[3],"tags":[1659,847],"class_list":["post-24660","post","type-post","status-publish","format-standard","has-post-thumbnail","hentry","category-politica-economia","tag-chile","tag-vacunacion"],"_links":{"self":[{"href":"https:\/\/primiciasclorinda.com\/index.php?rest_route=\/wp\/v2\/posts\/24660","targetHints":{"allow":["GET"]}}],"collection":[{"href":"https:\/\/primiciasclorinda.com\/index.php?rest_route=\/wp\/v2\/posts"}],"about":[{"href":"https:\/\/primiciasclorinda.com\/index.php?rest_route=\/wp\/v2\/types\/post"}],"author":[{"embeddable":true,"href":"https:\/\/primiciasclorinda.com\/index.php?rest_route=\/wp\/v2\/users\/3"}],"replies":[{"embeddable":true,"href":"https:\/\/primiciasclorinda.com\/index.php?rest_route=%2Fwp%2Fv2%2Fcomments&post=24660"}],"version-history":[{"count":1,"href":"https:\/\/primiciasclorinda.com\/index.php?rest_route=\/wp\/v2\/posts\/24660\/revisions"}],"predecessor-version":[{"id":24662,"href":"https:\/\/primiciasclorinda.com\/index.php?rest_route=\/wp\/v2\/posts\/24660\/revisions\/24662"}],"wp:featuredmedia":[{"embeddable":true,"href":"https:\/\/primiciasclorinda.com\/index.php?rest_route=\/wp\/v2\/media\/24661"}],"wp:attachment":[{"href":"https:\/\/primiciasclorinda.com\/index.php?rest_route=%2Fwp%2Fv2%2Fmedia&parent=24660"}],"wp:term":[{"taxonomy":"category","embeddable":true,"href":"https:\/\/primiciasclorinda.com\/index.php?rest_route=%2Fwp%2Fv2%2Fcategories&post=24660"},{"taxonomy":"post_tag","embeddable":true,"href":"https:\/\/primiciasclorinda.com\/index.php?rest_route=%2Fwp%2Fv2%2Ftags&post=24660"}],"curies":[{"name":"wp","href":"https:\/\/api.w.org\/{rel}","templated":true}]}}