{"id":24653,"date":"2021-06-14T20:43:08","date_gmt":"2021-06-14T23:43:08","guid":{"rendered":"http:\/\/primiciasclorinda.com\/?p=24653"},"modified":"2021-06-14T20:43:57","modified_gmt":"2021-06-14T23:43:57","slug":"este-martes-se-completa-la-segunda-dosis-de-la-vacuna-sinopharm-en-clorinda","status":"publish","type":"post","link":"https:\/\/primiciasclorinda.com\/?p=24653","title":{"rendered":"Este martes se completa la segunda dosis de la vacuna Sinopharm en Clorinda"},"content":{"rendered":"<p style=\"text-align: justify;\">Este martes 15 de junio ser\u00e1n inmunizados con la segunda dosis de Sinopharm todos los residentes de la ciudad de Clorinda que recibieron la primera inoculaci\u00f3n de esa vacuna hace 21 d\u00edas o m\u00e1s.<\/p>\n<p style=\"text-align: justify;\">Con el barbijo correctamente colocado, las personas deber\u00e1n dirigirse de 8 a 13 horas, con el DNI y el certificado de aplicaci\u00f3n de la primera dosis, al establecimiento habilitado m\u00e1s cercano a sus domicilios.<\/p>\n<p style=\"text-align: justify;\">Los mismos son: la Escuela de Frontera N\u00ba 17 \u201cManfredi de Hertelendy\u201d, ubicado en el barrio Santa Margarita de Cortona, en calle Catamarca esquina Fray Ben\u00edtez; y la Escuela N\u00ba 21 \u201cRep\u00fablica del Paraguay\u201d, en calle Paraguay al 1200.<\/p>\n<p style=\"text-align: justify;\">Cabe recordar que no se debe haber recibido la vacuna antigripal durante los 14 d\u00edas anteriores y no hacerlo hasta 14 d\u00edas despu\u00e9s de la vacunaci\u00f3n contra el COVID-19.<\/p>\n<p style=\"text-align: justify;\">Estrategia sanitaria<\/p>\n<p style=\"text-align: justify;\">En ese marco, el doctor Daniel Gonz\u00e1lez, responsable del Distrito Sanitario N\u00ba XII, asever\u00f3 a la Agencia de Noticias Formosa (AGENFOR) que \u201chace m\u00e1s de un a\u00f1o que llevamos adelante una verdadera lucha frente a esta pandemia\u201d, marcando que \u201cestamos viendo un amesetamiento en el n\u00famero de casos\u201d, lo que calific\u00f3 de \u201cnoticia reconfortante y esperanzadora\u201d.<\/p>\n<p style=\"text-align: justify;\">El facultativo atribuy\u00f3 esto al \u201c\u00e9xito de las estrategias sanitarias implementadas por el Gobierno provincial a trav\u00e9s del Ministerio de Desarrollo Humano\u201d, que se traduce en \u201cel ataque a esta enfermedad desde varios flancos\u201d.<\/p>\n<p style=\"text-align: justify;\">En ese sentido, mencion\u00f3 que por un lado \u201cest\u00e1 limitaci\u00f3n de la circulaci\u00f3n de las personas y las actividades cotidianas\u201d, en lo que toma parte activa la comunidad, que \u201cfue comprendiendo en el tiempo la importancia de su rol para controlar esta pandemia y disminuir el n\u00famero de casos\u201d.<\/p>\n<p style=\"text-align: justify;\">Adem\u00e1s, hizo notar que este descenso de la curva de contagios tambi\u00e9n se debe a \u201cla gran inversi\u00f3n en infraestructura de sanidad, biotecnolog\u00eda y capacitaci\u00f3n que est\u00e1 realizando el Gobierno de Formosa\u201d, destacando que el Hospital Cruz Felipe Arnedo de Clorinda \u201cha sido beneficiado con much\u00edsimo equipamiento, no solamente en cuanto al tom\u00f3grafo, sino con m\u00e1s respiradores, un equipo para diagn\u00f3stico por im\u00e1genes en tiempo real para los traumat\u00f3logos, entre otros\u201d.<\/p>\n<p style=\"text-align: justify;\">Resalt\u00f3 asimismo que se increment\u00f3 en un 20% la capacidad en la recepci\u00f3n de los pacientes con COVID-19 en el referido nosocomio merced a \u201cuna red totalmente nueva de ox\u00edgeno medicinal que permite una mayor resoluci\u00f3n de casos\u201d.<\/p>\n<p style=\"text-align: justify;\">Del mismo modo, realz\u00f3 ante esta Agencia la inversi\u00f3n materializada en el suero h\u00edperinmune. \u201cM\u00e1s de 130 clorindenses recibieron este tratamiento en el Hospital Arnedo y m\u00e1s de 20 en el Centro de Asistencia Sanitaria (CAS) N\u00ba 410\u201d, subray\u00f3.<\/p>\n<p style=\"text-align: justify;\">Inversi\u00f3n provincial<\/p>\n<p style=\"text-align: justify;\">Para el doctor Gonz\u00e1lez, \u201ceso habla a las claras de lo que se invierte desde las propias arcas del Gobierno provincial para y por la salud de nuestra gente\u201d.<\/p>\n<p style=\"text-align: justify;\">Por \u00faltimo, aludi\u00f3 a la vacunaci\u00f3n, recordando que este martes 15 se avanzar\u00e1 en la aplicaci\u00f3n de la segunda dosis de la vacuna Sinopharm a los clorindenses que recibieron la primera inoculaci\u00f3n hace 21 d\u00edas o m\u00e1s.<\/p>\n<p style=\"text-align: justify;\">\u201cTodo esto tiene un alto impacto positivo, no s\u00f3lo en la disminuci\u00f3n y amesetamiento en el n\u00famero de casos, ya que a su vez vemos una franca baja en los desenlaces fatales en nuestra localidad\u201d, enfatiz\u00f3.<\/p>\n<p style=\"text-align: justify;\">Consider\u00f3 que si bien \u201cpara algunos puede ser controversial todo lo que hacemos\u201d, sin embargo \u201clos resultados y las estad\u00edsticas muestran con creces la eficiencia y la eficacia de la estrategia sanitaria provincial\u201d, finaliz\u00f3 categ\u00f3rico.<\/p>\n","protected":false},"excerpt":{"rendered":"<div class=\"mh-excerpt\"><p>Este martes 15 de junio ser\u00e1n inmunizados con la segunda dosis de Sinopharm todos los residentes de la ciudad de Clorinda que recibieron la primera <a class=\"mh-excerpt-more\" href=\"https:\/\/primiciasclorinda.com\/?p=24653\" title=\"Este martes se completa la segunda dosis de la vacuna Sinopharm en Clorinda\">[&#8230;]<\/a><\/p>\n<\/div>","protected":false},"author":3,"featured_media":24654,"comment_status":"open","ping_status":"open","sticky":false,"template":"","format":"standard","meta":{"footnotes":""},"categories":[4,3],"tags":[26,3023,847],"class_list":["post-24653","post","type-post","status-publish","format-standard","has-post-thumbnail","hentry","category-informacion-general","category-politica-economia","tag-clorinda","tag-covid19","tag-vacunacion"],"_links":{"self":[{"href":"https:\/\/primiciasclorinda.com\/index.php?rest_route=\/wp\/v2\/posts\/24653","targetHints":{"allow":["GET"]}}],"collection":[{"href":"https:\/\/primiciasclorinda.com\/index.php?rest_route=\/wp\/v2\/posts"}],"about":[{"href":"https:\/\/primiciasclorinda.com\/index.php?rest_route=\/wp\/v2\/types\/post"}],"author":[{"embeddable":true,"href":"https:\/\/primiciasclorinda.com\/index.php?rest_route=\/wp\/v2\/users\/3"}],"replies":[{"embeddable":true,"href":"https:\/\/primiciasclorinda.com\/index.php?rest_route=%2Fwp%2Fv2%2Fcomments&post=24653"}],"version-history":[{"count":2,"href":"https:\/\/primiciasclorinda.com\/index.php?rest_route=\/wp\/v2\/posts\/24653\/revisions"}],"predecessor-version":[{"id":24656,"href":"https:\/\/primiciasclorinda.com\/index.php?rest_route=\/wp\/v2\/posts\/24653\/revisions\/24656"}],"wp:featuredmedia":[{"embeddable":true,"href":"https:\/\/primiciasclorinda.com\/index.php?rest_route=\/wp\/v2\/media\/24654"}],"wp:attachment":[{"href":"https:\/\/primiciasclorinda.com\/index.php?rest_route=%2Fwp%2Fv2%2Fmedia&parent=24653"}],"wp:term":[{"taxonomy":"category","embeddable":true,"href":"https:\/\/primiciasclorinda.com\/index.php?rest_route=%2Fwp%2Fv2%2Fcategories&post=24653"},{"taxonomy":"post_tag","embeddable":true,"href":"https:\/\/primiciasclorinda.com\/index.php?rest_route=%2Fwp%2Fv2%2Ftags&post=24653"}],"curies":[{"name":"wp","href":"https:\/\/api.w.org\/{rel}","templated":true}]}}